{"id":41709,"date":"2026-03-31T07:00:30","date_gmt":"2026-03-31T12:00:30","guid":{"rendered":"https:\/\/bosquedetlalpan.mx\/?p=41709"},"modified":"2026-03-31T15:07:47","modified_gmt":"2026-03-31T15:07:47","slug":"continuan-las-lluvias-fuertes-en-el-noreste-este-centro-y-sur-de-mexico","status":"publish","type":"post","link":"https:\/\/bosquedetlalpan.mx\/index.php\/2026\/03\/31\/continuan-las-lluvias-fuertes-en-el-noreste-este-centro-y-sur-de-mexico\/","title":{"rendered":"Contin\u00faan las lluvias fuertes en el noreste, este, centro y sur de M\u00e9xico"},"content":{"rendered":"<p>#NACIONAL\ud83c\uddf2\ud83c\uddfd II Buenos d\u00edas \u2600\ufe0fll El Servicio Meteorol\u00f3gico Nacional informa que para hoy, una\u00a0circulaci\u00f3n cicl\u00f3nica\u00a0en niveles medios\u00a0de la atm\u00f3sfera, sobre el occidente de la mesa central, y con tendencia a disiparse en el transcurso del d\u00eda; una\u00a0vaguada en altura\u00a0sobre el centro y noreste de la Rep\u00fablica Mexicana, ambos en interacci\u00f3n con una\u00a0l\u00ednea seca\u00a0en el norte de Coahuila y Chihuahua;\u00a0canales de baja presi\u00f3n\u00a0en el interior del pa\u00eds; la\u00a0corriente en chorro subtropical\u00a0e\u00a0inestabilidad atmosf\u00e9rica:<\/p>\n<p>Ocasionar\u00e1n lluvias fuertes en el noreste, este, centro y sur de M\u00e9xico, con lluvias puntuales muy fuertes en Oaxaca y Chiapas, con posible ca\u00edda de granizo.<\/p>\n<p>Durante la ma\u00f1ana, se pronostica la\u00a0ca\u00edda de aguanieve en las cimas monta\u00f1osas con altitudes superiores a los 3,800 metros sobre el nivel del mar del centro y oriente del pa\u00eds. (Nevado de Toluca, Ajusco, Popocat\u00e9petl, Iztacc\u00edhuatl, La Malinche y Cofre de Perote).<\/p>\n","protected":false},"excerpt":{"rendered":"<p>#NACIONAL\ud83c\uddf2\ud83c\uddfd II Buenos d\u00edas \u2600\ufe0fll El Servicio Meteorol\u00f3gico Nacional informa que para hoy, una\u00a0circulaci\u00f3n cicl\u00f3nica\u00a0en niveles medios\u00a0de la atm\u00f3sfera, sobre el occidente de la mesa central, y con tendencia a disiparse en el transcurso del d\u00eda; una\u00a0vaguada en altura\u00a0sobre el centro y noreste de la Rep\u00fablica Mexicana, ambos en interacci\u00f3n con una\u00a0l\u00ednea seca\u00a0en el norte [&hellip;]<\/p>\n","protected":false},"author":1,"featured_media":41711,"comment_status":"open","ping_status":"closed","sticky":false,"template":"","format":"standard","meta":{"footnotes":""},"categories":[3],"tags":[],"class_list":["post-41709","post","type-post","status-publish","format-standard","has-post-thumbnail","hentry","category-nacional"],"_links":{"self":[{"href":"https:\/\/bosquedetlalpan.mx\/index.php\/wp-json\/wp\/v2\/posts\/41709","targetHints":{"allow":["GET"]}}],"collection":[{"href":"https:\/\/bosquedetlalpan.mx\/index.php\/wp-json\/wp\/v2\/posts"}],"about":[{"href":"https:\/\/bosquedetlalpan.mx\/index.php\/wp-json\/wp\/v2\/types\/post"}],"author":[{"embeddable":true,"href":"https:\/\/bosquedetlalpan.mx\/index.php\/wp-json\/wp\/v2\/users\/1"}],"replies":[{"embeddable":true,"href":"https:\/\/bosquedetlalpan.mx\/index.php\/wp-json\/wp\/v2\/comments?post=41709"}],"version-history":[{"count":1,"href":"https:\/\/bosquedetlalpan.mx\/index.php\/wp-json\/wp\/v2\/posts\/41709\/revisions"}],"predecessor-version":[{"id":41710,"href":"https:\/\/bosquedetlalpan.mx\/index.php\/wp-json\/wp\/v2\/posts\/41709\/revisions\/41710"}],"wp:featuredmedia":[{"embeddable":true,"href":"https:\/\/bosquedetlalpan.mx\/index.php\/wp-json\/wp\/v2\/media\/41711"}],"wp:attachment":[{"href":"https:\/\/bosquedetlalpan.mx\/index.php\/wp-json\/wp\/v2\/media?parent=41709"}],"wp:term":[{"taxonomy":"category","embeddable":true,"href":"https:\/\/bosquedetlalpan.mx\/index.php\/wp-json\/wp\/v2\/categories?post=41709"},{"taxonomy":"post_tag","embeddable":true,"href":"https:\/\/bosquedetlalpan.mx\/index.php\/wp-json\/wp\/v2\/tags?post=41709"}],"curies":[{"name":"wp","href":"https:\/\/api.w.org\/{rel}","templated":true}]}}