{"id":40829,"date":"2026-03-06T11:45:45","date_gmt":"2026-03-06T16:45:45","guid":{"rendered":"https:\/\/elestataldemexico.com\/?p=40829"},"modified":"2026-03-06T11:45:45","modified_gmt":"2026-03-06T16:45:45","slug":"margarita-gonzalez-saravia-refuerza-proteccion-ambiental-en-morelos","status":"publish","type":"post","link":"https:\/\/bosquedetlalpan.mx\/index.php\/2026\/03\/06\/margarita-gonzalez-saravia-refuerza-proteccion-ambiental-en-morelos\/","title":{"rendered":"Margarita Gonz\u00e1lez Saravia refuerza protecci\u00f3n ambiental en Morelos"},"content":{"rendered":"<p>\ud83d\udd38\u00a0La gobernadora encabez\u00f3 la Primera Sesi\u00f3n del Consejo de \u00c1reas Naturales Protegidas y anunci\u00f3 el uso de monitoreo satelital para vigilar reservas ecol\u00f3gicas del estado.<\/p>\n<p>#MORELOS | La gobernadora de Morelos, Margarita Gonz\u00e1lez Saravia, encabez\u00f3 la Primera Sesi\u00f3n del Consejo de \u00c1reas Naturales Protegidas, donde anunci\u00f3 el fortalecimiento de la vigilancia ambiental mediante tecnolog\u00eda de monitoreo satelital para proteger los ecosistemas del estado.<\/p>\n<p>Durante el encuentro, la mandataria destac\u00f3 que el objetivo es reforzar las acciones de cuidado y preservaci\u00f3n de zonas ecol\u00f3gicas estrat\u00e9gicas, en coordinaci\u00f3n con el Gobierno federal y los municipios.<\/p>\n<p>Entre las \u00e1reas que recibir\u00e1n especial atenci\u00f3n se encuentran la Reserva Estatal Sierra Monte Negro y el Parque Estatal El Texcal, donde se busca mejorar la vigilancia para evitar afectaciones ambientales y garantizar la conservaci\u00f3n de sus recursos naturales.<\/p>\n<p>Gonz\u00e1lez Saravia subray\u00f3 que proteger los bosques, manantiales y reservas naturales representa una acci\u00f3n clave para asegurar agua, aire limpio y mejores condiciones de vida para las futuras generaciones en la entidad. \ud83c\udf3f\ud83d\udca7<\/p>\n<p>&nbsp;<\/p>\n","protected":false},"excerpt":{"rendered":"<p>\ud83d\udd38\u00a0La gobernadora encabez\u00f3 la Primera Sesi\u00f3n del Consejo de \u00c1reas Naturales Protegidas y anunci\u00f3 el uso de monitoreo satelital para vigilar reservas ecol\u00f3gicas del estado. #MORELOS | La gobernadora de Morelos, Margarita Gonz\u00e1lez Saravia, encabez\u00f3 la Primera Sesi\u00f3n del Consejo de \u00c1reas Naturales Protegidas, donde anunci\u00f3 el fortalecimiento de la vigilancia ambiental mediante tecnolog\u00eda de [&hellip;]<\/p>\n","protected":false},"author":1,"featured_media":40830,"comment_status":"open","ping_status":"closed","sticky":false,"template":"","format":"standard","meta":{"footnotes":""},"categories":[2,3],"tags":[],"class_list":["post-40829","post","type-post","status-publish","format-standard","has-post-thumbnail","hentry","category-morelos","category-nacional"],"_links":{"self":[{"href":"https:\/\/bosquedetlalpan.mx\/index.php\/wp-json\/wp\/v2\/posts\/40829","targetHints":{"allow":["GET"]}}],"collection":[{"href":"https:\/\/bosquedetlalpan.mx\/index.php\/wp-json\/wp\/v2\/posts"}],"about":[{"href":"https:\/\/bosquedetlalpan.mx\/index.php\/wp-json\/wp\/v2\/types\/post"}],"author":[{"embeddable":true,"href":"https:\/\/bosquedetlalpan.mx\/index.php\/wp-json\/wp\/v2\/users\/1"}],"replies":[{"embeddable":true,"href":"https:\/\/bosquedetlalpan.mx\/index.php\/wp-json\/wp\/v2\/comments?post=40829"}],"version-history":[{"count":0,"href":"https:\/\/bosquedetlalpan.mx\/index.php\/wp-json\/wp\/v2\/posts\/40829\/revisions"}],"wp:featuredmedia":[{"embeddable":true,"href":"https:\/\/bosquedetlalpan.mx\/index.php\/wp-json\/wp\/v2\/media\/40830"}],"wp:attachment":[{"href":"https:\/\/bosquedetlalpan.mx\/index.php\/wp-json\/wp\/v2\/media?parent=40829"}],"wp:term":[{"taxonomy":"category","embeddable":true,"href":"https:\/\/bosquedetlalpan.mx\/index.php\/wp-json\/wp\/v2\/categories?post=40829"},{"taxonomy":"post_tag","embeddable":true,"href":"https:\/\/bosquedetlalpan.mx\/index.php\/wp-json\/wp\/v2\/tags?post=40829"}],"curies":[{"name":"wp","href":"https:\/\/api.w.org\/{rel}","templated":true}]}}