{"id":40820,"date":"2026-03-05T11:51:28","date_gmt":"2026-03-05T16:51:28","guid":{"rendered":"https:\/\/elestataldemexico.com\/?p=40820"},"modified":"2026-03-05T11:51:28","modified_gmt":"2026-03-05T16:51:28","slug":"margarita-gonzalez-saravia-impulsa-alfabetizacion-y-educacion-basica-en-morelos","status":"publish","type":"post","link":"https:\/\/bosquedetlalpan.mx\/index.php\/2026\/03\/05\/margarita-gonzalez-saravia-impulsa-alfabetizacion-y-educacion-basica-en-morelos\/","title":{"rendered":"Margarita Gonz\u00e1lez Saravia impulsa alfabetizaci\u00f3n y educaci\u00f3n b\u00e1sica en Morelos"},"content":{"rendered":"<p>\ud83d\udd38 La gobernadora de Morelos, Margarita Gonz\u00e1lez Saravia, encabez\u00f3 la entrega de certificados del programa <strong><b>AlfabetizaTec<\/b><\/strong>, con el que decenas de personas concluyeron su proceso de alfabetizaci\u00f3n y educaci\u00f3n b\u00e1sica.<\/p>\n<p>#MORELOS | Durante el acto, la mandataria estatal destac\u00f3 que las y los estudiantes representan un motor fundamental para la transformaci\u00f3n de la entidad, por lo que atender sus necesidades educativas se mantiene como una prioridad para su administraci\u00f3n.<\/p>\n<p>Gonz\u00e1lez Saravia expres\u00f3 su orgullo por quienes lograron concluir esta etapa acad\u00e9mica, al se\u00f1alar que el esfuerzo personal y el acompa\u00f1amiento institucional demuestran que nunca es tarde para aprender y escribir un nuevo destino.<\/p>\n<p>El programa <strong><b>AlfabetizaTec<\/b><\/strong>\u00a0es resultado del trabajo coordinado entre el Instituto Estatal de Educaci\u00f3n para Adultos y el Instituto Tecnol\u00f3gico de Zacatepec, alianza que busca ampliar las oportunidades educativas para j\u00f3venes y adultos en la entidad.<\/p>\n<p>La gobernadora subray\u00f3 que, en Morelos, la educaci\u00f3n es una herramienta clave para abrir oportunidades y construir un mejor futuro para las familias del estado.<\/p>\n","protected":false},"excerpt":{"rendered":"<p>\ud83d\udd38 La gobernadora de Morelos, Margarita Gonz\u00e1lez Saravia, encabez\u00f3 la entrega de certificados del programa AlfabetizaTec, con el que decenas de personas concluyeron su proceso de alfabetizaci\u00f3n y educaci\u00f3n b\u00e1sica. #MORELOS | Durante el acto, la mandataria estatal destac\u00f3 que las y los estudiantes representan un motor fundamental para la transformaci\u00f3n de la entidad, por [&hellip;]<\/p>\n","protected":false},"author":1,"featured_media":40821,"comment_status":"open","ping_status":"closed","sticky":false,"template":"","format":"standard","meta":{"footnotes":""},"categories":[2,3],"tags":[],"class_list":["post-40820","post","type-post","status-publish","format-standard","has-post-thumbnail","hentry","category-morelos","category-nacional"],"_links":{"self":[{"href":"https:\/\/bosquedetlalpan.mx\/index.php\/wp-json\/wp\/v2\/posts\/40820","targetHints":{"allow":["GET"]}}],"collection":[{"href":"https:\/\/bosquedetlalpan.mx\/index.php\/wp-json\/wp\/v2\/posts"}],"about":[{"href":"https:\/\/bosquedetlalpan.mx\/index.php\/wp-json\/wp\/v2\/types\/post"}],"author":[{"embeddable":true,"href":"https:\/\/bosquedetlalpan.mx\/index.php\/wp-json\/wp\/v2\/users\/1"}],"replies":[{"embeddable":true,"href":"https:\/\/bosquedetlalpan.mx\/index.php\/wp-json\/wp\/v2\/comments?post=40820"}],"version-history":[{"count":0,"href":"https:\/\/bosquedetlalpan.mx\/index.php\/wp-json\/wp\/v2\/posts\/40820\/revisions"}],"wp:featuredmedia":[{"embeddable":true,"href":"https:\/\/bosquedetlalpan.mx\/index.php\/wp-json\/wp\/v2\/media\/40821"}],"wp:attachment":[{"href":"https:\/\/bosquedetlalpan.mx\/index.php\/wp-json\/wp\/v2\/media?parent=40820"}],"wp:term":[{"taxonomy":"category","embeddable":true,"href":"https:\/\/bosquedetlalpan.mx\/index.php\/wp-json\/wp\/v2\/categories?post=40820"},{"taxonomy":"post_tag","embeddable":true,"href":"https:\/\/bosquedetlalpan.mx\/index.php\/wp-json\/wp\/v2\/tags?post=40820"}],"curies":[{"name":"wp","href":"https:\/\/api.w.org\/{rel}","templated":true}]}}