{"id":40464,"date":"2026-02-25T11:27:38","date_gmt":"2026-02-25T16:27:38","guid":{"rendered":"https:\/\/elestataldemexico.com\/?p=40464"},"modified":"2026-02-25T11:27:38","modified_gmt":"2026-02-25T16:27:38","slug":"roberto-el-oso-medina-apuesta-por-articulacion-social-y-productiva-con-paz","status":"publish","type":"post","link":"https:\/\/bosquedetlalpan.mx\/index.php\/2026\/02\/25\/roberto-el-oso-medina-apuesta-por-articulacion-social-y-productiva-con-paz\/","title":{"rendered":"Roberto \u00abEl Oso\u00bb Medina apuesta por articulaci\u00f3n social y productiva con \u00abPaz\u00bb"},"content":{"rendered":"<p>En un momento donde M\u00e9xico enfrenta desaf\u00edos estructurales- crecimiento desigual, presi\u00f3n social y desconfianza institucional- la pol\u00edtica exige algo m\u00e1s que discurso: requiere operaci\u00f3n, estructura y territorio.<\/p>\n<p>En Nuevo Le\u00f3n, estado que hist\u00f3ricamente ha marcado pauta econ\u00f3mica y productiva para el pa\u00eds, esa exigencia es a\u00fan mayor. Aqu\u00ed no basta la narrativa; se necesitan resultados medibles y capacidad de ejecuci\u00f3n.<\/p>\n<p>Roberto Medina, conocido como \u201cEl Oso\u201d, ha construido su liderazgo desde esa l\u00f3gica. Su trayectoria no responde a la din\u00e1mica tradicional de partido ni a la construcci\u00f3n medi\u00e1tica de coyuntura. Responde a presencia territorial, movilizaci\u00f3n social y gesti\u00f3n directa.<\/p>\n<p>Su principal activo no es el protagonismo, sino la articulaci\u00f3n. Ha sabido conectar ciudadan\u00eda, iniciativa privada y operaci\u00f3n p\u00fablica bajo un enfoque pragm\u00e1tico: menos ideolog\u00eda y m\u00e1s soluci\u00f3n.<\/p>\n<p>En un pa\u00eds donde con frecuencia se separan el capital productivo y las causas sociales, su visi\u00f3n ha sido integrarlos para generar impacto estructural.<\/p>\n<p>El verdadero diferencial estrat\u00e9gico es la lectura de talento y la construcci\u00f3n de equipo. Ning\u00fan proyecto trasciende si no coloca a la persona adecuada en la responsabilidad adecuada.<\/p>\n<p>La creaci\u00f3n del partido Paz no es simplemente el nacimiento de una nueva sigla. Es la intenci\u00f3n de construir una plataforma que priorice orden institucional, colaboraci\u00f3n productiva y estabilidad social. En tiempos de polarizaci\u00f3n, apostar por articulaci\u00f3n es una decisi\u00f3n estrat\u00e9gica.<\/p>\n<p>M\u00e9xico necesita proyectos que sumen capacidades, que conecten territorio con inversi\u00f3n y liderazgo con responsabilidad. Si Paz logra consolidarse bajo esa l\u00f3gica \u2014estructura, operaci\u00f3n y unidad\u2014 puede convertirse no solo en un actor local, sino en un modelo de referencia nacional.<\/p>\n<p>Porque el futuro no se define en la estridencia, sino en la capacidad de organizar, ejecutar y sostener resultados en el tiempo.<\/p>\n<p>*Paz \u2014 Construyendo estabilidad para M\u00e9xico.*<\/p>\n","protected":false},"excerpt":{"rendered":"<p>En un momento donde M\u00e9xico enfrenta desaf\u00edos estructurales- crecimiento desigual, presi\u00f3n social y desconfianza institucional- la pol\u00edtica exige algo m\u00e1s que discurso: requiere operaci\u00f3n, estructura y territorio. En Nuevo Le\u00f3n, estado que hist\u00f3ricamente ha marcado pauta econ\u00f3mica y productiva para el pa\u00eds, esa exigencia es a\u00fan mayor. Aqu\u00ed no basta la narrativa; se necesitan resultados [&hellip;]<\/p>\n","protected":false},"author":1,"featured_media":40465,"comment_status":"open","ping_status":"closed","sticky":false,"template":"","format":"standard","meta":{"footnotes":""},"categories":[3,34],"tags":[],"class_list":["post-40464","post","type-post","status-publish","format-standard","has-post-thumbnail","hentry","category-nacional","category-nuevo-leon"],"_links":{"self":[{"href":"https:\/\/bosquedetlalpan.mx\/index.php\/wp-json\/wp\/v2\/posts\/40464","targetHints":{"allow":["GET"]}}],"collection":[{"href":"https:\/\/bosquedetlalpan.mx\/index.php\/wp-json\/wp\/v2\/posts"}],"about":[{"href":"https:\/\/bosquedetlalpan.mx\/index.php\/wp-json\/wp\/v2\/types\/post"}],"author":[{"embeddable":true,"href":"https:\/\/bosquedetlalpan.mx\/index.php\/wp-json\/wp\/v2\/users\/1"}],"replies":[{"embeddable":true,"href":"https:\/\/bosquedetlalpan.mx\/index.php\/wp-json\/wp\/v2\/comments?post=40464"}],"version-history":[{"count":0,"href":"https:\/\/bosquedetlalpan.mx\/index.php\/wp-json\/wp\/v2\/posts\/40464\/revisions"}],"wp:featuredmedia":[{"embeddable":true,"href":"https:\/\/bosquedetlalpan.mx\/index.php\/wp-json\/wp\/v2\/media\/40465"}],"wp:attachment":[{"href":"https:\/\/bosquedetlalpan.mx\/index.php\/wp-json\/wp\/v2\/media?parent=40464"}],"wp:term":[{"taxonomy":"category","embeddable":true,"href":"https:\/\/bosquedetlalpan.mx\/index.php\/wp-json\/wp\/v2\/categories?post=40464"},{"taxonomy":"post_tag","embeddable":true,"href":"https:\/\/bosquedetlalpan.mx\/index.php\/wp-json\/wp\/v2\/tags?post=40464"}],"curies":[{"name":"wp","href":"https:\/\/api.w.org\/{rel}","templated":true}]}}