{"id":40458,"date":"2026-02-25T10:46:20","date_gmt":"2026-02-25T15:46:20","guid":{"rendered":"https:\/\/elestataldemexico.com\/?p=40458"},"modified":"2026-02-25T10:46:20","modified_gmt":"2026-02-25T15:46:20","slug":"morelos-formaliza-coordinacion-metropolitana-para-impulsar-desarrollo-sustentable-en-cuernavaca","status":"publish","type":"post","link":"https:\/\/bosquedetlalpan.mx\/index.php\/2026\/02\/25\/morelos-formaliza-coordinacion-metropolitana-para-impulsar-desarrollo-sustentable-en-cuernavaca\/","title":{"rendered":"Morelos formaliza coordinaci\u00f3n metropolitana para impulsar desarrollo sustentable en Cuernavaca"},"content":{"rendered":"<p>\ud83d\udd38 La gobernadora Margarita Gonz\u00e1lez Saravia present\u00f3 la Agenda de Gobernanza Metropolitana para el Buen Vivir y firm\u00f3 el convenio que reconoce oficialmente la Zona Metropolitana de Cuernavaca, con enfoque en orden territorial y planeaci\u00f3n a largo plazo.<\/p>\n<p>#MORELOS | La gobernadora de Morelos, Margarita Gonz\u00e1lez Saravia, encabez\u00f3 la presentaci\u00f3n del Proyecto de Agenda de Gobernanza Metropolitana para el Buen Vivir y la firma del Convenio de Coordinaci\u00f3n para el Reconocimiento de la Zona Metropolitana de Cuernavaca, con el objetivo de fortalecer el desarrollo regional bajo criterios de sustentabilidad, planeaci\u00f3n estrat\u00e9gica y justicia territorial.<\/p>\n<p>Acompa\u00f1ada por el jefe de la Oficina de la Gubernatura, Javier Garc\u00eda Ch\u00e1vez, as\u00ed como integrantes de su gabinete legal y ampliado, la mandataria estatal destac\u00f3 que el convenio, el cual ser\u00e1 publicado en el Peri\u00f3dico Oficial Tierra y Libertad, permitir\u00e1 establecer un instrumento de coordinaci\u00f3n para el desarrollo metropolitano y avanzar en la homologaci\u00f3n de reglamentos municipales, con el fin de generar mayor orden y eficiencia en la gesti\u00f3n territorial.<\/p>\n<p>El secretario de Gobierno, Edgar Maldonado, subray\u00f3 que la planeaci\u00f3n sustentable, la inclusi\u00f3n y la cooperaci\u00f3n interinstitucional son fundamentales para mejorar la calidad de vida de las familias morelenses.<\/p>\n<p>Por su parte, el titular de la Secretar\u00eda de Desarrollo Sustentable, Al\u00e1n Dupr\u00e9, se\u00f1al\u00f3 que la articulaci\u00f3n de recursos humanos, financieros y herramientas de planeaci\u00f3n permitir\u00e1 atender con mayor capacidad los retos que enfrenta la zona metropolitana.<\/p>\n<p>Durante el acto se llev\u00f3 a cabo la firma del Convenio de Coordinaci\u00f3n con la participaci\u00f3n de autoridades estatales y municipales de Cuernavaca, Jiutepec, Temixco, Emiliano Zapata, Xochitepec, Huitzilac y Tepoztl\u00e1n.<\/p>\n<p>En representaci\u00f3n de los alcaldes, el presidente municipal de Cuernavaca, Jos\u00e9 Luis Uri\u00f3stegui Salgado, afirm\u00f3 que el acuerdo abre la puerta a soluciones conjuntas m\u00e1s eficaces y oportunas para los municipios involucrados.<\/p>\n<p>El arquitecto y urbanista Rub\u00e9n Pesci destac\u00f3 que la conformaci\u00f3n de un \u00e1rea metropolitana representa un avance en materia de modernizaci\u00f3n y planeaci\u00f3n territorial, al se\u00f1alar que este tipo de esquemas son poco comunes en Am\u00e9rica Latina.<\/p>\n<p>Al evento tambi\u00e9n asistieron autoridades estatales, acad\u00e9micas y representantes de instituciones educativas, quienes respaldaron la iniciativa orientada a fortalecer el desarrollo ordenado y sostenible de la regi\u00f3n.<\/p>\n","protected":false},"excerpt":{"rendered":"<p>\ud83d\udd38 La gobernadora Margarita Gonz\u00e1lez Saravia present\u00f3 la Agenda de Gobernanza Metropolitana para el Buen Vivir y firm\u00f3 el convenio que reconoce oficialmente la Zona Metropolitana de Cuernavaca, con enfoque en orden territorial y planeaci\u00f3n a largo plazo. #MORELOS | La gobernadora de Morelos, Margarita Gonz\u00e1lez Saravia, encabez\u00f3 la presentaci\u00f3n del Proyecto de Agenda de [&hellip;]<\/p>\n","protected":false},"author":1,"featured_media":40459,"comment_status":"open","ping_status":"closed","sticky":false,"template":"","format":"standard","meta":{"footnotes":""},"categories":[2,3],"tags":[],"class_list":["post-40458","post","type-post","status-publish","format-standard","has-post-thumbnail","hentry","category-morelos","category-nacional"],"_links":{"self":[{"href":"https:\/\/bosquedetlalpan.mx\/index.php\/wp-json\/wp\/v2\/posts\/40458","targetHints":{"allow":["GET"]}}],"collection":[{"href":"https:\/\/bosquedetlalpan.mx\/index.php\/wp-json\/wp\/v2\/posts"}],"about":[{"href":"https:\/\/bosquedetlalpan.mx\/index.php\/wp-json\/wp\/v2\/types\/post"}],"author":[{"embeddable":true,"href":"https:\/\/bosquedetlalpan.mx\/index.php\/wp-json\/wp\/v2\/users\/1"}],"replies":[{"embeddable":true,"href":"https:\/\/bosquedetlalpan.mx\/index.php\/wp-json\/wp\/v2\/comments?post=40458"}],"version-history":[{"count":0,"href":"https:\/\/bosquedetlalpan.mx\/index.php\/wp-json\/wp\/v2\/posts\/40458\/revisions"}],"wp:featuredmedia":[{"embeddable":true,"href":"https:\/\/bosquedetlalpan.mx\/index.php\/wp-json\/wp\/v2\/media\/40459"}],"wp:attachment":[{"href":"https:\/\/bosquedetlalpan.mx\/index.php\/wp-json\/wp\/v2\/media?parent=40458"}],"wp:term":[{"taxonomy":"category","embeddable":true,"href":"https:\/\/bosquedetlalpan.mx\/index.php\/wp-json\/wp\/v2\/categories?post=40458"},{"taxonomy":"post_tag","embeddable":true,"href":"https:\/\/bosquedetlalpan.mx\/index.php\/wp-json\/wp\/v2\/tags?post=40458"}],"curies":[{"name":"wp","href":"https:\/\/api.w.org\/{rel}","templated":true}]}}