{"id":40422,"date":"2026-02-24T11:12:37","date_gmt":"2026-02-24T16:12:37","guid":{"rendered":"https:\/\/elestataldemexico.com\/?p=40422"},"modified":"2026-02-24T11:12:37","modified_gmt":"2026-02-24T16:12:37","slug":"gobernadora-refuerza-cercania-con-pueblos-originarios-en-coatetelco","status":"publish","type":"post","link":"https:\/\/bosquedetlalpan.mx\/index.php\/2026\/02\/24\/gobernadora-refuerza-cercania-con-pueblos-originarios-en-coatetelco\/","title":{"rendered":"Gobernadora refuerza cercan\u00eda con pueblos originarios en Coatetelco"},"content":{"rendered":"<p>\ud83d\udd38 La mandataria estatal encabez\u00f3 honores a la Bandera y destac\u00f3 la importancia de la organizaci\u00f3n comunitaria y el trabajo conjunto para fortalecer el bienestar en el municipio ind\u00edgena.<\/p>\n<p>#MORELOS | La gobernadora de Morelos, Margarita Gonz\u00e1lez Saravia, inici\u00f3 su jornada de trabajo en el municipio ind\u00edgena de Coatetelco, donde encabez\u00f3 la ceremonia de honores a la Bandera acompa\u00f1ada por integrantes de la Mesa de Coordinaci\u00f3n Estatal para la Construcci\u00f3n de Paz y Seguridad, presidentes municipales de la regi\u00f3n y autoridades locales.<\/p>\n<p>&nbsp;<\/p>\n<p>Durante el acto c\u00edvico, se resalt\u00f3 el valor de la integraci\u00f3n comunitaria como uno de los pilares de la identidad de Coatetelco, una comunidad que preserva sus ra\u00edces y fortalece su desarrollo mediante el respeto, la organizaci\u00f3n y la colaboraci\u00f3n entre sus habitantes.<\/p>\n<p>&nbsp;<\/p>\n<p>La presencia de la titular del Ejecutivo estatal reafirm\u00f3 el reconocimiento del Gobierno de Morelos hacia los pueblos originarios, as\u00ed como el compromiso de mantener un trabajo cercano y coordinado para impulsar mejores condiciones de vida en todas las regiones de la entidad.<\/p>\n<p>&nbsp;<\/p>\n<p>&nbsp;<\/p>\n","protected":false},"excerpt":{"rendered":"<p>\ud83d\udd38 La mandataria estatal encabez\u00f3 honores a la Bandera y destac\u00f3 la importancia de la organizaci\u00f3n comunitaria y el trabajo conjunto para fortalecer el bienestar en el municipio ind\u00edgena. #MORELOS | La gobernadora de Morelos, Margarita Gonz\u00e1lez Saravia, inici\u00f3 su jornada de trabajo en el municipio ind\u00edgena de Coatetelco, donde encabez\u00f3 la ceremonia de honores [&hellip;]<\/p>\n","protected":false},"author":1,"featured_media":40423,"comment_status":"open","ping_status":"closed","sticky":false,"template":"","format":"standard","meta":{"footnotes":""},"categories":[2,3],"tags":[],"class_list":["post-40422","post","type-post","status-publish","format-standard","has-post-thumbnail","hentry","category-morelos","category-nacional"],"_links":{"self":[{"href":"https:\/\/bosquedetlalpan.mx\/index.php\/wp-json\/wp\/v2\/posts\/40422","targetHints":{"allow":["GET"]}}],"collection":[{"href":"https:\/\/bosquedetlalpan.mx\/index.php\/wp-json\/wp\/v2\/posts"}],"about":[{"href":"https:\/\/bosquedetlalpan.mx\/index.php\/wp-json\/wp\/v2\/types\/post"}],"author":[{"embeddable":true,"href":"https:\/\/bosquedetlalpan.mx\/index.php\/wp-json\/wp\/v2\/users\/1"}],"replies":[{"embeddable":true,"href":"https:\/\/bosquedetlalpan.mx\/index.php\/wp-json\/wp\/v2\/comments?post=40422"}],"version-history":[{"count":0,"href":"https:\/\/bosquedetlalpan.mx\/index.php\/wp-json\/wp\/v2\/posts\/40422\/revisions"}],"wp:featuredmedia":[{"embeddable":true,"href":"https:\/\/bosquedetlalpan.mx\/index.php\/wp-json\/wp\/v2\/media\/40423"}],"wp:attachment":[{"href":"https:\/\/bosquedetlalpan.mx\/index.php\/wp-json\/wp\/v2\/media?parent=40422"}],"wp:term":[{"taxonomy":"category","embeddable":true,"href":"https:\/\/bosquedetlalpan.mx\/index.php\/wp-json\/wp\/v2\/categories?post=40422"},{"taxonomy":"post_tag","embeddable":true,"href":"https:\/\/bosquedetlalpan.mx\/index.php\/wp-json\/wp\/v2\/tags?post=40422"}],"curies":[{"name":"wp","href":"https:\/\/api.w.org\/{rel}","templated":true}]}}