{"id":40198,"date":"2026-02-16T10:36:15","date_gmt":"2026-02-16T15:36:15","guid":{"rendered":"https:\/\/elestataldemexico.com\/?p=40198"},"modified":"2026-02-16T10:36:15","modified_gmt":"2026-02-16T15:36:15","slug":"con-orden-transparencia-y-cercania-la-gobernadora-margarita-gonzalez-saravia-transforma-morelos","status":"publish","type":"post","link":"https:\/\/bosquedetlalpan.mx\/index.php\/2026\/02\/16\/con-orden-transparencia-y-cercania-la-gobernadora-margarita-gonzalez-saravia-transforma-morelos\/","title":{"rendered":"Con orden, transparencia y cercan\u00eda la gobernadora Margarita Gonz\u00e1lez Saravia transforma Morelos"},"content":{"rendered":"<p>\ud83d\udd38 Respaldada por el pueblo, la mandataria estatal concluy\u00f3 el recorrido por las siete regiones para rendir cuentas del Primer Informe de Gobierno<\/p>\n<p>&nbsp;<\/p>\n<p>#MORELOS | En el coraz\u00f3n del Centro de Cuernavaca se vivi\u00f3 un d\u00eda hist\u00f3rico, el pueblo de Morelos se congreg\u00f3 en la Plaza General Emiliano Zapata Salazar para mostrar su respaldo a la gobernadora Margarita Gonz\u00e1lez Saravia en el cierre de las actividades de su Primer Informe de Gobierno, ejercicio de transparencia que inici\u00f3 en el Congreso del Estado y posteriormente recorri\u00f3 las siete regiones de la entidad.<\/p>\n<p>Con los primeros rayos del sol, mujeres y hombres de todas las edades comenzaron a llenar la explanada; algunos portaban lonas y cartulinas con mensajes de agradecimiento por los beneficios recibidos en sus comunidades: \u201c\u00a1Margarita trabaja con el coraz\u00f3n!\u201d, \u201c\u00a1Gracias por el pozo de agua!\u201d, \u201c\u00a1El pueblo est\u00e1 contigo!\u201d.<\/p>\n<p>Una ovaci\u00f3n y miles de voces coreando \u201c\u00a1Gobernadora, Gobernadora!\u201d anunciaron la llegada de Margarita Gonz\u00e1lez Saravia, quien camin\u00f3 desde el monumento ecuestre del general Emiliano Zapata hasta el escenario principal frente a Palacio de Gobierno; no lo hizo sola, camin\u00f3 acompa\u00f1ada por la gente que aprovech\u00f3 el momento para tomarse fotograf\u00edas, abrazarla y expresarle palabras de aliento.<\/p>\n<p>El cobijo de la gente lo ha tenido todo el tiempo, como ocurri\u00f3 el mi\u00e9rcoles pasado, cuando las y los morelenses acompa\u00f1aron a la primera mujer al frente del Gobierno en la historia de Morelos a la sede del Poder Legislativo, donde acudi\u00f3 personalmente a informar el estado que guarda la administraci\u00f3n p\u00fablica estatal, despu\u00e9s de una d\u00e9cada en la que el titular del Ejecutivo no asistiera de manera presencial.<\/p>\n<p>La escena se repiti\u00f3 este domingo, las muestras de afecto la acompa\u00f1aron hasta el podio, donde, de frente a campesinos, jefas de familia, estudiantes, maestras y maestros, empresarios, representantes sindicales y autoridades de los tres \u00f3rdenes de Gobierno, la mandataria estatal emiti\u00f3 un mensaje alentador para una entidad en transformaci\u00f3n, para una sociedad que recupera la confianza y mantiene altas expectativas porque, a un a\u00f1o de gesti\u00f3n, \u201cse ven buenos resultados\u201d.<\/p>\n<p>El ambiente festivo tambi\u00e9n se replic\u00f3 en los informes regionales realizados en distintos puntos del estado, donde expuso, de manera directa, las obras y acciones impulsadas para el crecimiento y desarrollo de los municipios.<\/p>\n<p>Del jueves 12 al s\u00e1bado 14 de febrero, la Gobernadora recorri\u00f3 Yecapixtla, Jojutla, Tepoztl\u00e1n, Cuautla, Puente de Ixtla y Jantetelco; en cada sede fue recibida con muestras de respeto y reconocimiento por habitantes de las regiones noreste, sur, norte, centro, poniente y oriente, respectivamente.<\/p>\n<p>La gira para presentar el balance del primer a\u00f1o del Gobierno de \u201cLa tierra que nos une\u201d concluy\u00f3 en la capital morelense, que junto con Huitzilac, Emiliano Zapata, Jiutepec, Temixco y Xochitepec integra la regi\u00f3n noroeste, donde la titular del Poder Ejecutivo reiter\u00f3 un mensaje claro: \u201cOrdenar la casa es transformar Morelos\u201d.<\/p>\n<p>Al finalizar la jornada, las familias regresaron a sus comunidades convencidas de que la gobernadora Margarita Gonz\u00e1lez Saravia trabaja con cercan\u00eda y responsabilidad para construir un estado con mayor bienestar y oportunidades.<\/p>\n<p>&nbsp;<\/p>\n","protected":false},"excerpt":{"rendered":"<p>\ud83d\udd38 Respaldada por el pueblo, la mandataria estatal concluy\u00f3 el recorrido por las siete regiones para rendir cuentas del Primer Informe de Gobierno &nbsp; #MORELOS | En el coraz\u00f3n del Centro de Cuernavaca se vivi\u00f3 un d\u00eda hist\u00f3rico, el pueblo de Morelos se congreg\u00f3 en la Plaza General Emiliano Zapata Salazar para mostrar su respaldo [&hellip;]<\/p>\n","protected":false},"author":1,"featured_media":40199,"comment_status":"open","ping_status":"closed","sticky":false,"template":"","format":"standard","meta":{"footnotes":""},"categories":[2,3],"tags":[],"class_list":["post-40198","post","type-post","status-publish","format-standard","has-post-thumbnail","hentry","category-morelos","category-nacional"],"_links":{"self":[{"href":"https:\/\/bosquedetlalpan.mx\/index.php\/wp-json\/wp\/v2\/posts\/40198","targetHints":{"allow":["GET"]}}],"collection":[{"href":"https:\/\/bosquedetlalpan.mx\/index.php\/wp-json\/wp\/v2\/posts"}],"about":[{"href":"https:\/\/bosquedetlalpan.mx\/index.php\/wp-json\/wp\/v2\/types\/post"}],"author":[{"embeddable":true,"href":"https:\/\/bosquedetlalpan.mx\/index.php\/wp-json\/wp\/v2\/users\/1"}],"replies":[{"embeddable":true,"href":"https:\/\/bosquedetlalpan.mx\/index.php\/wp-json\/wp\/v2\/comments?post=40198"}],"version-history":[{"count":0,"href":"https:\/\/bosquedetlalpan.mx\/index.php\/wp-json\/wp\/v2\/posts\/40198\/revisions"}],"wp:featuredmedia":[{"embeddable":true,"href":"https:\/\/bosquedetlalpan.mx\/index.php\/wp-json\/wp\/v2\/media\/40199"}],"wp:attachment":[{"href":"https:\/\/bosquedetlalpan.mx\/index.php\/wp-json\/wp\/v2\/media?parent=40198"}],"wp:term":[{"taxonomy":"category","embeddable":true,"href":"https:\/\/bosquedetlalpan.mx\/index.php\/wp-json\/wp\/v2\/categories?post=40198"},{"taxonomy":"post_tag","embeddable":true,"href":"https:\/\/bosquedetlalpan.mx\/index.php\/wp-json\/wp\/v2\/tags?post=40198"}],"curies":[{"name":"wp","href":"https:\/\/api.w.org\/{rel}","templated":true}]}}