{"id":39714,"date":"2026-02-01T11:00:36","date_gmt":"2026-02-01T16:00:36","guid":{"rendered":"https:\/\/elestataldemexico.com\/?p=39714"},"modified":"2026-02-01T11:00:36","modified_gmt":"2026-02-01T16:00:36","slug":"america-confirma-la-salida-de-allan-saint-maximin","status":"publish","type":"post","link":"https:\/\/bosquedetlalpan.mx\/index.php\/2026\/02\/01\/america-confirma-la-salida-de-allan-saint-maximin\/","title":{"rendered":"Am\u00e9rica confirma la salida de Allan Saint-Maximin"},"content":{"rendered":"<p>\ud83d\udd38 Las \u00c1guilas anunciaron la baja del franc\u00e9s despu\u00e9s del juego ante Necaxa en el que el Am\u00e9rica gano 2-0 sobre Necaxa.<\/p>\n<p>#DEPORTES | Tras 6 meses en el Nido de Coapa, el futbolista franc\u00e9s Allan Saint-Maximin ha dejado de ser de manera oficial futbolista de las \u00c1guilas del Am\u00e9rica, as\u00ed lo ha dado a conocer el propio club a trav\u00e9s de sus redes sociales.<\/p>\n<p>Hace apenas unos d\u00edas el delantero galo hab\u00eda denunciado un episodio de r\u0101c\u00eesmo en contra de sus hijos, motivo por el cual se habr\u00eda replanteado el mantenerse en nuestro pa\u00eds y por ende en el futbol mexicano.<\/p>\n<p>Ante esta situaci\u00f3n el jugador europeo habr\u00eda pedido salir del club, petici\u00f3n que el club habr\u00eda entendido.<\/p>\n<p>A trav\u00e9s de las redes oficiales del club, Am\u00e9rica hizo oficial la salida del franc\u00e9s con el mensaje: \u00abMuchas gracias por haber portado nuestros colores, Allan Saint-Maximin. \u00a1Te deseamos mucho \u00e9xito en tus futuros proyectos!\u00bb.<\/p>\n<p>Maximin firm\u00f3 con Am\u00e9rica el 12 de agosto de 2025 y ten\u00eda contrato con los azulcremas hasta el junio de 2027. Con las \u00c1guilas jug\u00f3 solamente 15 partidos marcando 3 goles y asistiendo en dos ocasiones. Ahora el futuro de Allan Saint-Maximin estar\u00eda en el futbol del viejo continente.<\/p>\n<p>#Futbol #Am\u00e9rica #Confirma #Salida #AllanSaintMaximin<\/p>\n","protected":false},"excerpt":{"rendered":"<p>\ud83d\udd38 Las \u00c1guilas anunciaron la baja del franc\u00e9s despu\u00e9s del juego ante Necaxa en el que el Am\u00e9rica gano 2-0 sobre Necaxa. #DEPORTES | Tras 6 meses en el Nido de Coapa, el futbolista franc\u00e9s Allan Saint-Maximin ha dejado de ser de manera oficial futbolista de las \u00c1guilas del Am\u00e9rica, as\u00ed lo ha dado a [&hellip;]<\/p>\n","protected":false},"author":1,"featured_media":41021,"comment_status":"open","ping_status":"closed","sticky":false,"template":"","format":"standard","meta":{"footnotes":""},"categories":[5],"tags":[],"class_list":["post-39714","post","type-post","status-publish","format-standard","has-post-thumbnail","hentry","category-deportes"],"_links":{"self":[{"href":"https:\/\/bosquedetlalpan.mx\/index.php\/wp-json\/wp\/v2\/posts\/39714","targetHints":{"allow":["GET"]}}],"collection":[{"href":"https:\/\/bosquedetlalpan.mx\/index.php\/wp-json\/wp\/v2\/posts"}],"about":[{"href":"https:\/\/bosquedetlalpan.mx\/index.php\/wp-json\/wp\/v2\/types\/post"}],"author":[{"embeddable":true,"href":"https:\/\/bosquedetlalpan.mx\/index.php\/wp-json\/wp\/v2\/users\/1"}],"replies":[{"embeddable":true,"href":"https:\/\/bosquedetlalpan.mx\/index.php\/wp-json\/wp\/v2\/comments?post=39714"}],"version-history":[{"count":0,"href":"https:\/\/bosquedetlalpan.mx\/index.php\/wp-json\/wp\/v2\/posts\/39714\/revisions"}],"wp:featuredmedia":[{"embeddable":true,"href":"https:\/\/bosquedetlalpan.mx\/index.php\/wp-json\/wp\/v2\/media\/41021"}],"wp:attachment":[{"href":"https:\/\/bosquedetlalpan.mx\/index.php\/wp-json\/wp\/v2\/media?parent=39714"}],"wp:term":[{"taxonomy":"category","embeddable":true,"href":"https:\/\/bosquedetlalpan.mx\/index.php\/wp-json\/wp\/v2\/categories?post=39714"},{"taxonomy":"post_tag","embeddable":true,"href":"https:\/\/bosquedetlalpan.mx\/index.php\/wp-json\/wp\/v2\/tags?post=39714"}],"curies":[{"name":"wp","href":"https:\/\/api.w.org\/{rel}","templated":true}]}}