{"id":39657,"date":"2026-01-30T14:00:21","date_gmt":"2026-01-30T19:00:21","guid":{"rendered":"https:\/\/elestataldemexico.com\/?p=39657"},"modified":"2026-01-30T14:00:21","modified_gmt":"2026-01-30T19:00:21","slug":"enfrentamientos-en-michoacan-dejan-2-uniformados-heridos-por-explosion-de-mina-y-3-civiles-armados-abatidos","status":"publish","type":"post","link":"https:\/\/bosquedetlalpan.mx\/index.php\/2026\/01\/30\/enfrentamientos-en-michoacan-dejan-2-uniformados-heridos-por-explosion-de-mina-y-3-civiles-armados-abatidos\/","title":{"rendered":"Enfrentamientos en Michoac\u00e1n dejan 2 uniformados heridos por explosi\u00f3n de mina y 3 civiles armados abatidos"},"content":{"rendered":"<p>\ud83d\udd38 Sujetos armados abrieron fuego contra militares, quienes repelieron la agresi\u00f3n<\/p>\n<p>#MICHOAC\u00c1N | Dos uniformados heridos y tres civiles armados abatidos fue el sado de enfrentamientos en Tepalcatepec, Michoac\u00e1n.<\/p>\n<p>&nbsp;<\/p>\n<p>La tarde del 29 de enero, elementos del Ej\u00e9rcito realizaban labores operativas cerca de la localidad de Corralitos cuando sujetos armados les dispararon.<\/p>\n<p>Los militares repelieron la agresi\u00f3n, dando lugar a un enfrentamiento en el que tres de los civiles armados fueron abatidos.<\/p>\n<p>Instantes despu\u00e9s, la Base de Operaciones Interinstitucionales en la misma zona fue atacada a disparos. Si bien uniformados repelieron la agresi\u00f3n no lograron detener a los responsables, quienes lograron escapar.<\/p>\n<p>&nbsp;<\/p>\n<p>Derivado de los enfrentamientos se desplegaron c\u00e9lulas conformadas por la Fuerza de Reacci\u00f3n de las Fuerzas Especiales de Defensa y la Secretar\u00eda de Seguridad P\u00fablica de Michoac\u00e1n.<\/p>\n<p>Al momento de recorrer un terreno agreste, una camioneta oficial activ\u00f3 una mina terrestre.<\/p>\n<p>La explosi\u00f3n da\u00f1\u00f3 el veh\u00edculo y provoc\u00f3 heridas de consideraci\u00f3n a dos uniformados, mismos que fueron trasladados a la 43 Zona Militar en Apatzing\u00e1n mediante un helic\u00f3ptero de la Guardia Nacional.<\/p>\n<p>Hasta el momento se desconoce el estado de salud de las v\u00edctimas.<\/p>\n","protected":false},"excerpt":{"rendered":"<p>\ud83d\udd38 Sujetos armados abrieron fuego contra militares, quienes repelieron la agresi\u00f3n #MICHOAC\u00c1N | Dos uniformados heridos y tres civiles armados abatidos fue el sado de enfrentamientos en Tepalcatepec, Michoac\u00e1n. &nbsp; La tarde del 29 de enero, elementos del Ej\u00e9rcito realizaban labores operativas cerca de la localidad de Corralitos cuando sujetos armados les dispararon. Los militares [&hellip;]<\/p>\n","protected":false},"author":1,"featured_media":41011,"comment_status":"open","ping_status":"closed","sticky":false,"template":"","format":"standard","meta":{"footnotes":""},"categories":[3,6],"tags":[],"class_list":["post-39657","post","type-post","status-publish","format-standard","has-post-thumbnail","hentry","category-nacional","category-sinaloa"],"_links":{"self":[{"href":"https:\/\/bosquedetlalpan.mx\/index.php\/wp-json\/wp\/v2\/posts\/39657","targetHints":{"allow":["GET"]}}],"collection":[{"href":"https:\/\/bosquedetlalpan.mx\/index.php\/wp-json\/wp\/v2\/posts"}],"about":[{"href":"https:\/\/bosquedetlalpan.mx\/index.php\/wp-json\/wp\/v2\/types\/post"}],"author":[{"embeddable":true,"href":"https:\/\/bosquedetlalpan.mx\/index.php\/wp-json\/wp\/v2\/users\/1"}],"replies":[{"embeddable":true,"href":"https:\/\/bosquedetlalpan.mx\/index.php\/wp-json\/wp\/v2\/comments?post=39657"}],"version-history":[{"count":0,"href":"https:\/\/bosquedetlalpan.mx\/index.php\/wp-json\/wp\/v2\/posts\/39657\/revisions"}],"wp:featuredmedia":[{"embeddable":true,"href":"https:\/\/bosquedetlalpan.mx\/index.php\/wp-json\/wp\/v2\/media\/41011"}],"wp:attachment":[{"href":"https:\/\/bosquedetlalpan.mx\/index.php\/wp-json\/wp\/v2\/media?parent=39657"}],"wp:term":[{"taxonomy":"category","embeddable":true,"href":"https:\/\/bosquedetlalpan.mx\/index.php\/wp-json\/wp\/v2\/categories?post=39657"},{"taxonomy":"post_tag","embeddable":true,"href":"https:\/\/bosquedetlalpan.mx\/index.php\/wp-json\/wp\/v2\/tags?post=39657"}],"curies":[{"name":"wp","href":"https:\/\/api.w.org\/{rel}","templated":true}]}}