{"id":39533,"date":"2026-01-27T15:00:36","date_gmt":"2026-01-27T20:00:36","guid":{"rendered":"https:\/\/elestataldemexico.com\/?p=39533"},"modified":"2026-01-27T15:00:36","modified_gmt":"2026-01-27T20:00:36","slug":"trabajador-queda-en-libertad-tras-pasar-meses-encarcelado-por-tener-el-mismo-nombre-que-un-secuestrador","status":"publish","type":"post","link":"https:\/\/bosquedetlalpan.mx\/index.php\/2026\/01\/27\/trabajador-queda-en-libertad-tras-pasar-meses-encarcelado-por-tener-el-mismo-nombre-que-un-secuestrador\/","title":{"rendered":"Trabajador queda en libertad tras pasar meses encarcelado por tener el mismo nombre que un secuestrador"},"content":{"rendered":"<p>\ud83d\udd36\ufe0fArturo Soto Medina, empleado del Ayuntamiento de Minatitl\u00e1n, recuper\u00f3 su libertad luego de que un juez confirm\u00f3 que fue detenido por homonimia<\/p>\n<p>&nbsp;<\/p>\n<p>#VERACRUZ | Un juez en Veracruz orden\u00f3 la liberaci\u00f3n de Arturo Soto Medina, empleado del Ayuntamiento de Minatitl\u00e1n, quien permaneci\u00f3 cuatro meses preso bajo acusaciones de secuestro agravado debido a una confusi\u00f3n por homonimia antes de que se acreditara su inocencia.<\/p>\n<p>Soto Medina, de 47 a\u00f1os, fue detenido en septiembre de 2025 por agentes ministeriales en su centro de trabajo y trasladado al penal del Puerto de Veracruz tras ser se\u00f1alado por un delito ocurrido en febrero de 2022 en Medell\u00edn de Bravo, a m\u00e1s de 300 kil\u00f3metros de distancia.<\/p>\n<p>Durante su encarcelamiento, la defensa present\u00f3 pruebas \u2014como registros laborales, fotograf\u00edas y testimonios\u2014 que demostraban que Soto se encontraba laborando en Minatitl\u00e1n el d\u00eda del hecho imputado, lo que apuntaba a un error de identidad por compartir nombre con el presunto responsable.<\/p>\n<p>Pese a ello, las autoridades no acreditaron su participaci\u00f3n en el delito y un juez dict\u00f3 el sobreseimiento del caso, lo que permiti\u00f3 su liberaci\u00f3n este fin de semana. Familiares y su abogada defensora celebraron la decisi\u00f3n, aunque expresaron el impacto emocional, econ\u00f3mico y social que la detenci\u00f3n injusta provoc\u00f3 en el trabajador y su entorno.<\/p>\n<p>Hasta ahora no se ha informado si Soto Medina buscar\u00e1 alg\u00fan tipo de reparaci\u00f3n del da\u00f1o o acci\u00f3n legal ante las autoridades responsables del proceso.<\/p>\n","protected":false},"excerpt":{"rendered":"<p>\ud83d\udd36\ufe0fArturo Soto Medina, empleado del Ayuntamiento de Minatitl\u00e1n, recuper\u00f3 su libertad luego de que un juez confirm\u00f3 que fue detenido por homonimia &nbsp; #VERACRUZ | Un juez en Veracruz orden\u00f3 la liberaci\u00f3n de Arturo Soto Medina, empleado del Ayuntamiento de Minatitl\u00e1n, quien permaneci\u00f3 cuatro meses preso bajo acusaciones de secuestro agravado debido a una confusi\u00f3n [&hellip;]<\/p>\n","protected":false},"author":1,"featured_media":39535,"comment_status":"open","ping_status":"closed","sticky":false,"template":"","format":"standard","meta":{"footnotes":""},"categories":[3,13],"tags":[],"class_list":["post-39533","post","type-post","status-publish","format-standard","has-post-thumbnail","hentry","category-nacional","category-veracruz"],"_links":{"self":[{"href":"https:\/\/bosquedetlalpan.mx\/index.php\/wp-json\/wp\/v2\/posts\/39533","targetHints":{"allow":["GET"]}}],"collection":[{"href":"https:\/\/bosquedetlalpan.mx\/index.php\/wp-json\/wp\/v2\/posts"}],"about":[{"href":"https:\/\/bosquedetlalpan.mx\/index.php\/wp-json\/wp\/v2\/types\/post"}],"author":[{"embeddable":true,"href":"https:\/\/bosquedetlalpan.mx\/index.php\/wp-json\/wp\/v2\/users\/1"}],"replies":[{"embeddable":true,"href":"https:\/\/bosquedetlalpan.mx\/index.php\/wp-json\/wp\/v2\/comments?post=39533"}],"version-history":[{"count":0,"href":"https:\/\/bosquedetlalpan.mx\/index.php\/wp-json\/wp\/v2\/posts\/39533\/revisions"}],"wp:featuredmedia":[{"embeddable":true,"href":"https:\/\/bosquedetlalpan.mx\/index.php\/wp-json\/wp\/v2\/media\/39535"}],"wp:attachment":[{"href":"https:\/\/bosquedetlalpan.mx\/index.php\/wp-json\/wp\/v2\/media?parent=39533"}],"wp:term":[{"taxonomy":"category","embeddable":true,"href":"https:\/\/bosquedetlalpan.mx\/index.php\/wp-json\/wp\/v2\/categories?post=39533"},{"taxonomy":"post_tag","embeddable":true,"href":"https:\/\/bosquedetlalpan.mx\/index.php\/wp-json\/wp\/v2\/tags?post=39533"}],"curies":[{"name":"wp","href":"https:\/\/api.w.org\/{rel}","templated":true}]}}