{"id":39506,"date":"2026-01-26T13:22:50","date_gmt":"2026-01-26T18:22:50","guid":{"rendered":"https:\/\/elestataldemexico.com\/?p=39506"},"modified":"2026-01-26T13:22:50","modified_gmt":"2026-01-26T18:22:50","slug":"margarita-gonzalez-saravia-arranca-agenda-en-miacatlan-y-refrenda-apoyo-a-productores-de-mezcal","status":"publish","type":"post","link":"https:\/\/bosquedetlalpan.mx\/index.php\/2026\/01\/26\/margarita-gonzalez-saravia-arranca-agenda-en-miacatlan-y-refrenda-apoyo-a-productores-de-mezcal\/","title":{"rendered":"Margarita Gonz\u00e1lez Saravia arranca agenda en Miacatl\u00e1n y refrenda apoyo a productores de mezcal"},"content":{"rendered":"<p>\ud83d\udd38 La gobernadora encabez\u00f3 Honores a la Bandera en la secundaria Gloria Almada de Bejarano y destac\u00f3 el valor de la educaci\u00f3n y la identidad morelense.<\/p>\n<p>#MORELOS | La gobernadora de Morelos, Margarita Gonz\u00e1lez Saravia, inici\u00f3 su jornada de actividades en Palpan, municipio de Miacatl\u00e1n, comunidad reconocida por la labor de mujeres y hombres dedicados a la producci\u00f3n de mezcal, una de las tradiciones que dan identidad y sustento a la regi\u00f3n.<\/p>\n<p>Acompa\u00f1ada por la comunidad estudiantil, docentes y autoridades locales, la mandataria estatal encabez\u00f3 los Honores a la Bandera en la Escuela Secundaria Gloria Almada de Bejarano, acto c\u00edvico con el que refrend\u00f3 su compromiso de fortalecer los valores, la identidad y el amor por Morelos desde las aulas.<\/p>\n<p>Durante el evento, Gonz\u00e1lez Saravia destac\u00f3 la importancia de acercar el gobierno a las comunidades, reconocer el trabajo de los productores locales y promover la educaci\u00f3n como base para el desarrollo social y cultural del estado.<\/p>\n<p>La gobernadora subray\u00f3 que su administraci\u00f3n continuar\u00e1 impulsando acciones que fortalezcan las ra\u00edces de Morelos, bajo la premisa de unidad y orgullo por la tierra que comparten sus habitantes, mensaje que sintetiz\u00f3 con el lema #LaTierraQueNosUne.<\/p>\n","protected":false},"excerpt":{"rendered":"<p>\ud83d\udd38 La gobernadora encabez\u00f3 Honores a la Bandera en la secundaria Gloria Almada de Bejarano y destac\u00f3 el valor de la educaci\u00f3n y la identidad morelense. #MORELOS | La gobernadora de Morelos, Margarita Gonz\u00e1lez Saravia, inici\u00f3 su jornada de actividades en Palpan, municipio de Miacatl\u00e1n, comunidad reconocida por la labor de mujeres y hombres dedicados [&hellip;]<\/p>\n","protected":false},"author":1,"featured_media":39507,"comment_status":"open","ping_status":"closed","sticky":false,"template":"","format":"standard","meta":{"footnotes":""},"categories":[2,3],"tags":[],"class_list":["post-39506","post","type-post","status-publish","format-standard","has-post-thumbnail","hentry","category-morelos","category-nacional"],"_links":{"self":[{"href":"https:\/\/bosquedetlalpan.mx\/index.php\/wp-json\/wp\/v2\/posts\/39506","targetHints":{"allow":["GET"]}}],"collection":[{"href":"https:\/\/bosquedetlalpan.mx\/index.php\/wp-json\/wp\/v2\/posts"}],"about":[{"href":"https:\/\/bosquedetlalpan.mx\/index.php\/wp-json\/wp\/v2\/types\/post"}],"author":[{"embeddable":true,"href":"https:\/\/bosquedetlalpan.mx\/index.php\/wp-json\/wp\/v2\/users\/1"}],"replies":[{"embeddable":true,"href":"https:\/\/bosquedetlalpan.mx\/index.php\/wp-json\/wp\/v2\/comments?post=39506"}],"version-history":[{"count":0,"href":"https:\/\/bosquedetlalpan.mx\/index.php\/wp-json\/wp\/v2\/posts\/39506\/revisions"}],"wp:featuredmedia":[{"embeddable":true,"href":"https:\/\/bosquedetlalpan.mx\/index.php\/wp-json\/wp\/v2\/media\/39507"}],"wp:attachment":[{"href":"https:\/\/bosquedetlalpan.mx\/index.php\/wp-json\/wp\/v2\/media?parent=39506"}],"wp:term":[{"taxonomy":"category","embeddable":true,"href":"https:\/\/bosquedetlalpan.mx\/index.php\/wp-json\/wp\/v2\/categories?post=39506"},{"taxonomy":"post_tag","embeddable":true,"href":"https:\/\/bosquedetlalpan.mx\/index.php\/wp-json\/wp\/v2\/tags?post=39506"}],"curies":[{"name":"wp","href":"https:\/\/api.w.org\/{rel}","templated":true}]}}