{"id":39340,"date":"2026-01-22T10:54:28","date_gmt":"2026-01-22T15:54:28","guid":{"rendered":"https:\/\/elestataldemexico.com\/?p=39340"},"modified":"2026-01-22T10:54:28","modified_gmt":"2026-01-22T15:54:28","slug":"margarita-gonzalez-saravia-inaugura-red-de-agua-potable-en-las-minas-atlatlahucan","status":"publish","type":"post","link":"https:\/\/bosquedetlalpan.mx\/index.php\/2026\/01\/22\/margarita-gonzalez-saravia-inaugura-red-de-agua-potable-en-las-minas-atlatlahucan\/","title":{"rendered":"Margarita Gonz\u00e1lez Saravia inaugura red de agua potable en Las Minas, Atlatlahucan"},"content":{"rendered":"<p>\ud83d\udd38\u00a0La gobernadora de Morelos destac\u00f3 que la obra garantiza justicia social al llevar agua directamente a los hogares y poner fin al acarreo y la compra de pipas.<\/p>\n<p>&nbsp;<\/p>\n<p>#MORELOS | La gobernadora de Morelos, <strong><b>Margarita Gonz\u00e1lez Saravia<\/b><\/strong>, inaugur\u00f3 la <strong><b>red de agua potable<\/b><\/strong>\u00a0en la comunidad de <strong><b>Las Minas<\/b><\/strong>, en el municipio de <strong><b>Atlatlahucan<\/b><\/strong>, una obra que calific\u00f3 como un acto de justicia social al garantizar el acceso directo al vital l\u00edquido en los hogares.<\/p>\n<p>Durante el evento, la mandataria estatal subray\u00f3 que esta infraestructura permite dejar atr\u00e1s a\u00f1os de acarreo de agua y la dependencia de pipas, pr\u00e1cticas que afectaban la econom\u00eda y la calidad de vida de las familias de la comunidad.<\/p>\n<p>Gonz\u00e1lez Saravia reconoci\u00f3 la <strong><b>organizaci\u00f3n y el esfuerzo de las y los vecinos<\/b><\/strong>, al se\u00f1alar que el trabajo coordinado entre el gobierno y la ciudadan\u00eda es fundamental para que las acciones de bienestar tengan resultados duraderos y se reflejen directamente en el territorio.<\/p>\n<p>La gobernadora reiter\u00f3 su compromiso de seguir impulsando obras b\u00e1sicas en las comunidades de Morelos, con el objetivo de reducir rezagos, fortalecer el acceso a servicios esenciales y mejorar las condiciones de vida de la poblaci\u00f3n.<\/p>\n","protected":false},"excerpt":{"rendered":"<p>\ud83d\udd38\u00a0La gobernadora de Morelos destac\u00f3 que la obra garantiza justicia social al llevar agua directamente a los hogares y poner fin al acarreo y la compra de pipas. &nbsp; #MORELOS | La gobernadora de Morelos, Margarita Gonz\u00e1lez Saravia, inaugur\u00f3 la red de agua potable\u00a0en la comunidad de Las Minas, en el municipio de Atlatlahucan, una [&hellip;]<\/p>\n","protected":false},"author":1,"featured_media":39341,"comment_status":"open","ping_status":"closed","sticky":false,"template":"","format":"standard","meta":{"footnotes":""},"categories":[2,3],"tags":[],"class_list":["post-39340","post","type-post","status-publish","format-standard","has-post-thumbnail","hentry","category-morelos","category-nacional"],"_links":{"self":[{"href":"https:\/\/bosquedetlalpan.mx\/index.php\/wp-json\/wp\/v2\/posts\/39340","targetHints":{"allow":["GET"]}}],"collection":[{"href":"https:\/\/bosquedetlalpan.mx\/index.php\/wp-json\/wp\/v2\/posts"}],"about":[{"href":"https:\/\/bosquedetlalpan.mx\/index.php\/wp-json\/wp\/v2\/types\/post"}],"author":[{"embeddable":true,"href":"https:\/\/bosquedetlalpan.mx\/index.php\/wp-json\/wp\/v2\/users\/1"}],"replies":[{"embeddable":true,"href":"https:\/\/bosquedetlalpan.mx\/index.php\/wp-json\/wp\/v2\/comments?post=39340"}],"version-history":[{"count":0,"href":"https:\/\/bosquedetlalpan.mx\/index.php\/wp-json\/wp\/v2\/posts\/39340\/revisions"}],"wp:featuredmedia":[{"embeddable":true,"href":"https:\/\/bosquedetlalpan.mx\/index.php\/wp-json\/wp\/v2\/media\/39341"}],"wp:attachment":[{"href":"https:\/\/bosquedetlalpan.mx\/index.php\/wp-json\/wp\/v2\/media?parent=39340"}],"wp:term":[{"taxonomy":"category","embeddable":true,"href":"https:\/\/bosquedetlalpan.mx\/index.php\/wp-json\/wp\/v2\/categories?post=39340"},{"taxonomy":"post_tag","embeddable":true,"href":"https:\/\/bosquedetlalpan.mx\/index.php\/wp-json\/wp\/v2\/tags?post=39340"}],"curies":[{"name":"wp","href":"https:\/\/api.w.org\/{rel}","templated":true}]}}