{"id":38633,"date":"2026-01-06T09:49:34","date_gmt":"2026-01-06T14:49:34","guid":{"rendered":"https:\/\/elestataldemexico.com\/?p=38633"},"modified":"2026-01-06T09:49:34","modified_gmt":"2026-01-06T14:49:34","slug":"margarita-gonzalez-saravia-marca-el-rumbo-del-gobierno-para-2026","status":"publish","type":"post","link":"https:\/\/bosquedetlalpan.mx\/index.php\/2026\/01\/06\/margarita-gonzalez-saravia-marca-el-rumbo-del-gobierno-para-2026\/","title":{"rendered":"Margarita Gonz\u00e1lez Saravia marca el rumbo del Gobierno para 2026"},"content":{"rendered":"<p>\ud83d\udd38 La gobernadora encabez\u00f3 la primera reuni\u00f3n de gabinete legal y ampliado del a\u00f1o, donde evalu\u00f3 el cierre de 2025 y defini\u00f3 las prioridades estrat\u00e9gicas de su administraci\u00f3n.<\/p>\n<p>#MORELOS | Este mediod\u00eda, la gobernadora Margarita Gonz\u00e1lez Saravia encabez\u00f3 la primera reuni\u00f3n de gabinete legal y ampliado de 2026, un encuentro de car\u00e1cter estrat\u00e9gico en el que participaron las y los titulares de las distintas dependencias estatales, con el objetivo de evaluar el cierre del ejercicio 2025 y trazar la ruta de trabajo para el inicio del nuevo a\u00f1o.<\/p>\n<p>Durante la sesi\u00f3n, la titular del Poder Ejecutivo reiter\u00f3 el compromiso de su administraci\u00f3n con el bienestar de la poblaci\u00f3n, la coordinaci\u00f3n institucional y una gesti\u00f3n ordenada, cercana a la ciudadan\u00eda y orientada a resultados. En ese contexto, instruy\u00f3 a las y los secretarios a mantener el ritmo de trabajo, priorizando la atenci\u00f3n directa en territorio y el contacto permanente con las comunidades.<\/p>\n<p>En la reuni\u00f3n se establecieron las l\u00edneas de acci\u00f3n prioritarias que guiar\u00e1n la agenda gubernamental en 2026, con \u00e9nfasis en la atenci\u00f3n de las demandas sociales, el fortalecimiento de la infraestructura y la implementaci\u00f3n de pol\u00edticas p\u00fablicas que generen un impacto tangible en la calidad de vida de la poblaci\u00f3n.<\/p>\n<p>Finalmente, Gonz\u00e1lez Saravia subray\u00f3 la importancia de consolidar un gobierno eficiente y responsable, alineado a los principios de justicia social, que permita avanzar en el desarrollo integral del estado y responder de manera efectiva a las necesidades de la ciudadan\u00eda.<\/p>\n<p>&nbsp;<\/p>\n","protected":false},"excerpt":{"rendered":"<p>\ud83d\udd38 La gobernadora encabez\u00f3 la primera reuni\u00f3n de gabinete legal y ampliado del a\u00f1o, donde evalu\u00f3 el cierre de 2025 y defini\u00f3 las prioridades estrat\u00e9gicas de su administraci\u00f3n. #MORELOS | Este mediod\u00eda, la gobernadora Margarita Gonz\u00e1lez Saravia encabez\u00f3 la primera reuni\u00f3n de gabinete legal y ampliado de 2026, un encuentro de car\u00e1cter estrat\u00e9gico en el [&hellip;]<\/p>\n","protected":false},"author":1,"featured_media":38634,"comment_status":"open","ping_status":"closed","sticky":false,"template":"","format":"standard","meta":{"footnotes":""},"categories":[2,3],"tags":[],"class_list":["post-38633","post","type-post","status-publish","format-standard","has-post-thumbnail","hentry","category-morelos","category-nacional"],"_links":{"self":[{"href":"https:\/\/bosquedetlalpan.mx\/index.php\/wp-json\/wp\/v2\/posts\/38633","targetHints":{"allow":["GET"]}}],"collection":[{"href":"https:\/\/bosquedetlalpan.mx\/index.php\/wp-json\/wp\/v2\/posts"}],"about":[{"href":"https:\/\/bosquedetlalpan.mx\/index.php\/wp-json\/wp\/v2\/types\/post"}],"author":[{"embeddable":true,"href":"https:\/\/bosquedetlalpan.mx\/index.php\/wp-json\/wp\/v2\/users\/1"}],"replies":[{"embeddable":true,"href":"https:\/\/bosquedetlalpan.mx\/index.php\/wp-json\/wp\/v2\/comments?post=38633"}],"version-history":[{"count":0,"href":"https:\/\/bosquedetlalpan.mx\/index.php\/wp-json\/wp\/v2\/posts\/38633\/revisions"}],"wp:featuredmedia":[{"embeddable":true,"href":"https:\/\/bosquedetlalpan.mx\/index.php\/wp-json\/wp\/v2\/media\/38634"}],"wp:attachment":[{"href":"https:\/\/bosquedetlalpan.mx\/index.php\/wp-json\/wp\/v2\/media?parent=38633"}],"wp:term":[{"taxonomy":"category","embeddable":true,"href":"https:\/\/bosquedetlalpan.mx\/index.php\/wp-json\/wp\/v2\/categories?post=38633"},{"taxonomy":"post_tag","embeddable":true,"href":"https:\/\/bosquedetlalpan.mx\/index.php\/wp-json\/wp\/v2\/tags?post=38633"}],"curies":[{"name":"wp","href":"https:\/\/api.w.org\/{rel}","templated":true}]}}