{"id":38342,"date":"2025-12-29T18:00:48","date_gmt":"2025-12-29T23:00:48","guid":{"rendered":"https:\/\/elestataldemexico.com\/?p=38342"},"modified":"2025-12-29T18:00:48","modified_gmt":"2025-12-29T23:00:48","slug":"sheinbaum-viajara-a-oaxaca-para-acompanar-a-familias-tras-accidente-del-tren-interoceanico","status":"publish","type":"post","link":"https:\/\/bosquedetlalpan.mx\/index.php\/2025\/12\/29\/sheinbaum-viajara-a-oaxaca-para-acompanar-a-familias-tras-accidente-del-tren-interoceanico\/","title":{"rendered":"Sheinbaum viajar\u00e1 a Oaxaca para acompa\u00f1ar a familias tras accidente del Tren Interoce\u00e1nico"},"content":{"rendered":"<p><em><i>\ud83d\udd38<\/i><\/em><em><i>\u00a0<\/i><\/em><em><i>La presidenta de M\u00e9xico anunci\u00f3 que este lunes se trasladar\u00e1 al estado para atender de manera personal a los familiares de las 13 v\u00edctimas mortales y los decenas de heridos tras el descarrilamiento ocurrido el domingo.<\/i><\/em><\/p>\n<p>#NACIONAL | La mandataria federal lament\u00f3 el accidente del Tren Interoce\u00e1nico, que dej\u00f3 al menos 13 personas fallecidas y 98 heridas, y expres\u00f3 su p\u00e9same a los familiares de las v\u00edctimas. Durante su conferencia de prensa, se\u00f1al\u00f3 que orden\u00f3 el despliegue de altos funcionarios, incluido el titular de la Secretar\u00eda de Marina y el subsecretario de Derechos Humanos, para que acompa\u00f1en a las familias afectadas en Oaxaca.<\/p>\n<p>&nbsp;<\/p>\n<p>Sheinbaum confirm\u00f3 que el almirante Raymundo Pedro Morales \u00c1ngeles (Semar), as\u00ed como representantes del IMSS e IMSS-Bienestar, ya se encuentran en la zona para brindar apoyo directo a los afectados y coordinar la atenci\u00f3n m\u00e9dica en hospitales de Mat\u00edas Romero, Salina Cruz, Juchit\u00e1n e Ixtepec.<\/p>\n<p>&nbsp;<\/p>\n<p>Adem\u00e1s de la atenci\u00f3n a los heridos, la jefa del Ejecutivo anunci\u00f3 que se intensificar\u00e1n las labores para esclarecer las causas del descarrilamiento, que ha generado conmoci\u00f3n nacional, y reafirm\u00f3 el compromiso del Gobierno federal de acompa\u00f1ar a las familias en este dif\u00edcil momento.<\/p>\n<p>&nbsp;<\/p>\n<p>&nbsp;<\/p>\n","protected":false},"excerpt":{"rendered":"<p>\ud83d\udd38\u00a0La presidenta de M\u00e9xico anunci\u00f3 que este lunes se trasladar\u00e1 al estado para atender de manera personal a los familiares de las 13 v\u00edctimas mortales y los decenas de heridos tras el descarrilamiento ocurrido el domingo. #NACIONAL | La mandataria federal lament\u00f3 el accidente del Tren Interoce\u00e1nico, que dej\u00f3 al menos 13 personas fallecidas y [&hellip;]<\/p>\n","protected":false},"author":1,"featured_media":38344,"comment_status":"open","ping_status":"closed","sticky":false,"template":"","format":"standard","meta":{"footnotes":""},"categories":[3],"tags":[],"class_list":["post-38342","post","type-post","status-publish","format-standard","has-post-thumbnail","hentry","category-nacional"],"_links":{"self":[{"href":"https:\/\/bosquedetlalpan.mx\/index.php\/wp-json\/wp\/v2\/posts\/38342","targetHints":{"allow":["GET"]}}],"collection":[{"href":"https:\/\/bosquedetlalpan.mx\/index.php\/wp-json\/wp\/v2\/posts"}],"about":[{"href":"https:\/\/bosquedetlalpan.mx\/index.php\/wp-json\/wp\/v2\/types\/post"}],"author":[{"embeddable":true,"href":"https:\/\/bosquedetlalpan.mx\/index.php\/wp-json\/wp\/v2\/users\/1"}],"replies":[{"embeddable":true,"href":"https:\/\/bosquedetlalpan.mx\/index.php\/wp-json\/wp\/v2\/comments?post=38342"}],"version-history":[{"count":0,"href":"https:\/\/bosquedetlalpan.mx\/index.php\/wp-json\/wp\/v2\/posts\/38342\/revisions"}],"wp:featuredmedia":[{"embeddable":true,"href":"https:\/\/bosquedetlalpan.mx\/index.php\/wp-json\/wp\/v2\/media\/38344"}],"wp:attachment":[{"href":"https:\/\/bosquedetlalpan.mx\/index.php\/wp-json\/wp\/v2\/media?parent=38342"}],"wp:term":[{"taxonomy":"category","embeddable":true,"href":"https:\/\/bosquedetlalpan.mx\/index.php\/wp-json\/wp\/v2\/categories?post=38342"},{"taxonomy":"post_tag","embeddable":true,"href":"https:\/\/bosquedetlalpan.mx\/index.php\/wp-json\/wp\/v2\/tags?post=38342"}],"curies":[{"name":"wp","href":"https:\/\/api.w.org\/{rel}","templated":true}]}}