{"id":38009,"date":"2025-12-23T10:39:34","date_gmt":"2025-12-23T15:39:34","guid":{"rendered":"https:\/\/elestataldemexico.com\/?p=38009"},"modified":"2025-12-23T10:39:34","modified_gmt":"2025-12-23T15:39:34","slug":"ricardo-monreal-confirma-que-reforma-de-40-horas-se-aprobara-en-el-proximo-periodo-ordinario","status":"publish","type":"post","link":"https:\/\/bosquedetlalpan.mx\/index.php\/2025\/12\/23\/ricardo-monreal-confirma-que-reforma-de-40-horas-se-aprobara-en-el-proximo-periodo-ordinario\/","title":{"rendered":"Ricardo Monreal confirma que reforma de 40 horas se aprobar\u00e1 en el pr\u00f3ximo periodo ordinario"},"content":{"rendered":"<p>\ud83d\udd38 El coordinador de Morena en San L\u00e1zaro afirm\u00f3 que la reducci\u00f3n de la jornada laboral ser\u00e1 uno de los temas centrales a partir de febrero.<\/p>\n<p>#CDMX | El coordinador del grupo parlamentario de Morena en la C\u00e1mara de Diputados, Ricardo Monreal, refrend\u00f3 que la reforma para reducir la jornada laboral de 48 a 40 horas, de manera gradual hasta el a\u00f1o 2030, ser\u00e1 aprobada durante el pr\u00f3ximo periodo ordinario de sesiones.<\/p>\n<p>El legislador se\u00f1al\u00f3 que esta iniciativa forma parte de los temas prioritarios que su bancada impulsar\u00e1 a partir de febrero de 2026, cuando se reanuden formalmente los trabajos legislativos en San L\u00e1zaro. Indic\u00f3 que la agenda de Morena contempla diversas reformas de impacto social, aunque reconoci\u00f3 que el documento a\u00fan est\u00e1 incompleto.<\/p>\n<p>Monreal precis\u00f3 que la reforma electoral no fue incluida en dicha agenda debido a que, hasta el momento, no existe una iniciativa concreta que haya sido presentada de manera formal ante la C\u00e1mara de Diputados.<\/p>\n<p>A trav\u00e9s de un mensaje difundido en redes sociales, en el que tambi\u00e9n envi\u00f3 un saludo por las fiestas decembrinas, el presidente de la Junta de Coordinaci\u00f3n Pol\u00edtica record\u00f3 que el trabajo legislativo se retomar\u00e1 el pr\u00f3ximo 1 de febrero, reiterando el compromiso de su bancada con las reformas que buscan mejorar las condiciones laborales y sociales del pa\u00eds.<\/p>\n","protected":false},"excerpt":{"rendered":"<p>\ud83d\udd38 El coordinador de Morena en San L\u00e1zaro afirm\u00f3 que la reducci\u00f3n de la jornada laboral ser\u00e1 uno de los temas centrales a partir de febrero. #CDMX | El coordinador del grupo parlamentario de Morena en la C\u00e1mara de Diputados, Ricardo Monreal, refrend\u00f3 que la reforma para reducir la jornada laboral de 48 a 40 [&hellip;]<\/p>\n","protected":false},"author":1,"featured_media":38011,"comment_status":"open","ping_status":"closed","sticky":false,"template":"","format":"standard","meta":{"footnotes":""},"categories":[7],"tags":[],"class_list":["post-38009","post","type-post","status-publish","format-standard","has-post-thumbnail","hentry","category-cdmx"],"_links":{"self":[{"href":"https:\/\/bosquedetlalpan.mx\/index.php\/wp-json\/wp\/v2\/posts\/38009","targetHints":{"allow":["GET"]}}],"collection":[{"href":"https:\/\/bosquedetlalpan.mx\/index.php\/wp-json\/wp\/v2\/posts"}],"about":[{"href":"https:\/\/bosquedetlalpan.mx\/index.php\/wp-json\/wp\/v2\/types\/post"}],"author":[{"embeddable":true,"href":"https:\/\/bosquedetlalpan.mx\/index.php\/wp-json\/wp\/v2\/users\/1"}],"replies":[{"embeddable":true,"href":"https:\/\/bosquedetlalpan.mx\/index.php\/wp-json\/wp\/v2\/comments?post=38009"}],"version-history":[{"count":0,"href":"https:\/\/bosquedetlalpan.mx\/index.php\/wp-json\/wp\/v2\/posts\/38009\/revisions"}],"wp:featuredmedia":[{"embeddable":true,"href":"https:\/\/bosquedetlalpan.mx\/index.php\/wp-json\/wp\/v2\/media\/38011"}],"wp:attachment":[{"href":"https:\/\/bosquedetlalpan.mx\/index.php\/wp-json\/wp\/v2\/media?parent=38009"}],"wp:term":[{"taxonomy":"category","embeddable":true,"href":"https:\/\/bosquedetlalpan.mx\/index.php\/wp-json\/wp\/v2\/categories?post=38009"},{"taxonomy":"post_tag","embeddable":true,"href":"https:\/\/bosquedetlalpan.mx\/index.php\/wp-json\/wp\/v2\/tags?post=38009"}],"curies":[{"name":"wp","href":"https:\/\/api.w.org\/{rel}","templated":true}]}}