{"id":37787,"date":"2025-12-16T18:00:59","date_gmt":"2025-12-16T23:00:59","guid":{"rendered":"https:\/\/elestataldemexico.com\/?p=37787"},"modified":"2025-12-16T18:00:59","modified_gmt":"2025-12-16T23:00:59","slug":"detienen-a-primer-implicado-en-el-homicidio-del-peinador-micky-hair","status":"publish","type":"post","link":"https:\/\/bosquedetlalpan.mx\/index.php\/2025\/12\/16\/detienen-a-primer-implicado-en-el-homicidio-del-peinador-micky-hair\/","title":{"rendered":"Detienen a primer implicado en el homicidio del peinador &#8216;Micky Hair&#8217;"},"content":{"rendered":"<p>\ud83d\udd38 El ministerio p\u00fablico lo imput\u00f3 ante un juez de control y la defensa solicit\u00f3 duplicidad para definir su situaci\u00f3n jur\u00eddica.<\/p>\n<p>&nbsp;<\/p>\n<p>#CDMX | Agentes de investigaci\u00f3n detuvieron a un hombre relacionado con el homicidio del estilista\u00a0Miguel \u00c1ngel de la Mora, mejor conocido como\u00a0Micky Hair, asesinado a tiros al salir de su establecimiento, a finales de septiembre, en la colonia Polanco.<\/p>\n<p>Se trata de Jos\u00e9 Eduardo N. quien de acuerdo con el Registro Nacional de Detenciones (RND), fue detenido en la colonia Nueva Santa Mar\u00eda,\u00a0alcald\u00eda Azcapotzalco.<\/p>\n<p>Los detectives lo trasladaron al Reclusorio Oriente, en cumplimiento a la orden de aprehensi\u00f3n emitida por un juez de control.<\/p>\n<p>El fin de semana, Jos\u00e9 Eduardo N. fue presentado en audiencia ante el juzgador, en la que el Ministerio P\u00fablico lo imput\u00f3 por el delito de homicidio.<\/p>\n<p>La defensa solicit\u00f3 la duplicidad del t\u00e9rmino constitucional, por lo que su situaci\u00f3n jur\u00eddica se resolver\u00e1 el pr\u00f3ximo mi\u00e9rcoles.<\/p>\n<p>Las autoridades no han precisado el grado de participaci\u00f3n que tuvo el detenido en el homicidio.<\/p>\n<p>El\u00a0peinador Micky Hair fue acribillado \u00a0cuando sal\u00eda de su negocio,\u00a0en la avenida Presidente Masaryk y Moliere, colonia Polanco, alcald\u00eda Miguel Hidalgo.<\/p>\n<p>Los agresores aguardaban a la v\u00edctima afuera del establecimiento, y al tenerlo a la vista le dispararon en varias ocasiones.<\/p>\n<p>Despu\u00e9s, escaparon a bordo de una motocicleta de color negro y dos meses y medio despu\u00e9s, fue detenido el primer implicado.<\/p>\n","protected":false},"excerpt":{"rendered":"<p>\ud83d\udd38 El ministerio p\u00fablico lo imput\u00f3 ante un juez de control y la defensa solicit\u00f3 duplicidad para definir su situaci\u00f3n jur\u00eddica. &nbsp; #CDMX | Agentes de investigaci\u00f3n detuvieron a un hombre relacionado con el homicidio del estilista\u00a0Miguel \u00c1ngel de la Mora, mejor conocido como\u00a0Micky Hair, asesinado a tiros al salir de su establecimiento, a finales [&hellip;]<\/p>\n","protected":false},"author":1,"featured_media":37789,"comment_status":"open","ping_status":"closed","sticky":false,"template":"","format":"standard","meta":{"footnotes":""},"categories":[7,3],"tags":[],"class_list":["post-37787","post","type-post","status-publish","format-standard","has-post-thumbnail","hentry","category-cdmx","category-nacional"],"_links":{"self":[{"href":"https:\/\/bosquedetlalpan.mx\/index.php\/wp-json\/wp\/v2\/posts\/37787","targetHints":{"allow":["GET"]}}],"collection":[{"href":"https:\/\/bosquedetlalpan.mx\/index.php\/wp-json\/wp\/v2\/posts"}],"about":[{"href":"https:\/\/bosquedetlalpan.mx\/index.php\/wp-json\/wp\/v2\/types\/post"}],"author":[{"embeddable":true,"href":"https:\/\/bosquedetlalpan.mx\/index.php\/wp-json\/wp\/v2\/users\/1"}],"replies":[{"embeddable":true,"href":"https:\/\/bosquedetlalpan.mx\/index.php\/wp-json\/wp\/v2\/comments?post=37787"}],"version-history":[{"count":0,"href":"https:\/\/bosquedetlalpan.mx\/index.php\/wp-json\/wp\/v2\/posts\/37787\/revisions"}],"wp:featuredmedia":[{"embeddable":true,"href":"https:\/\/bosquedetlalpan.mx\/index.php\/wp-json\/wp\/v2\/media\/37789"}],"wp:attachment":[{"href":"https:\/\/bosquedetlalpan.mx\/index.php\/wp-json\/wp\/v2\/media?parent=37787"}],"wp:term":[{"taxonomy":"category","embeddable":true,"href":"https:\/\/bosquedetlalpan.mx\/index.php\/wp-json\/wp\/v2\/categories?post=37787"},{"taxonomy":"post_tag","embeddable":true,"href":"https:\/\/bosquedetlalpan.mx\/index.php\/wp-json\/wp\/v2\/tags?post=37787"}],"curies":[{"name":"wp","href":"https:\/\/api.w.org\/{rel}","templated":true}]}}