{"id":37606,"date":"2025-12-10T11:03:33","date_gmt":"2025-12-10T16:03:33","guid":{"rendered":"https:\/\/elestataldemexico.com\/?p=37606"},"modified":"2025-12-10T11:03:33","modified_gmt":"2025-12-10T16:03:33","slug":"hija-de-opositora-venezolana-maria-corina-machado-recibe-en-su-nombre-el-nobel-de-la-paz","status":"publish","type":"post","link":"https:\/\/bosquedetlalpan.mx\/index.php\/2025\/12\/10\/hija-de-opositora-venezolana-maria-corina-machado-recibe-en-su-nombre-el-nobel-de-la-paz\/","title":{"rendered":"Hija de opositora venezolana Mar\u00eda Corina Machado recibe en su nombre el Nobel de la Paz"},"content":{"rendered":"<p>\ud83d\udd38 Mar\u00eda Corina Machado no pudo viajar a Noruega a tiempo para recibir en persona el Novel de las Paz, pero confirm\u00f3 que va camino a Noruega<\/p>\n<p>&nbsp;<\/p>\n<p>#INTERNACIONAL | Ana Corina Sosa, hija de Mar\u00eda Corina Machado, recibi\u00f3 en el Ayuntamiento de Oslo el Nobel de la Paz 2025 en nombre de la opositora venezolana, quien no pudo viajar a Noruega a tiempo para recibir en persona el premio, aunque viajar\u00e1 igualmente a la capital noruega, seg\u00fan el Instituto Nobel.<\/p>\n<p>&nbsp;<\/p>\n<p>La hija de Machado se puso en pie y recogi\u00f3 el diploma acreditativo y la medalla Nobel que acompa\u00f1an al premio -dotado este a\u00f1o con 11 millones de coronas suecas (1 mill\u00f3n de euros, 1,2 millones de d\u00f3lares), de manos del presidente del Comit\u00e9 Noruego del Nobel, J\u00f8rgen Watne Frydnes.<\/p>\n<p>Visiblemente emocionada, Sosa recibi\u00f3 la ovaci\u00f3n del p\u00fablico, puesto en pie, erguida delante de una foto de su madre.<\/p>\n<p>La ceremonia estuvo presidida por los reyes Harald V y Sonia de Noruega.<\/p>\n<p>Tambi\u00e9n asistieron el l\u00edder opositor venezolano Edmundo Gonz\u00e1lez, el primer ministro noruego Jonas Gahr Store, el presidente argentino, Javier Milei, el paname\u00f1o Jos\u00e9 Ra\u00fal Mulino; y el paraguayo, Santiago Pe\u00f1a.<\/p>\n<p>Antes de entregar el galard\u00f3n, Frydnes pronunci\u00f3 un discurso en el que inst\u00f3 al presidente de Venezuela, Nicol\u00e1s Maduro, a renunciar a su cargo para sentar las bases hacia \u201cuna transici\u00f3n pac\u00edfica hacia la democracia\u201d en el pa\u00eds, un llamamiento que recibi\u00f3 un largo aplauso de los invitados en el Ayuntamiento de Oslo.<\/p>\n","protected":false},"excerpt":{"rendered":"<p>\ud83d\udd38 Mar\u00eda Corina Machado no pudo viajar a Noruega a tiempo para recibir en persona el Novel de las Paz, pero confirm\u00f3 que va camino a Noruega &nbsp; #INTERNACIONAL | Ana Corina Sosa, hija de Mar\u00eda Corina Machado, recibi\u00f3 en el Ayuntamiento de Oslo el Nobel de la Paz 2025 en nombre de la opositora [&hellip;]<\/p>\n","protected":false},"author":1,"featured_media":37608,"comment_status":"open","ping_status":"closed","sticky":false,"template":"","format":"standard","meta":{"footnotes":""},"categories":[9],"tags":[],"class_list":["post-37606","post","type-post","status-publish","format-standard","has-post-thumbnail","hentry","category-internacional"],"_links":{"self":[{"href":"https:\/\/bosquedetlalpan.mx\/index.php\/wp-json\/wp\/v2\/posts\/37606","targetHints":{"allow":["GET"]}}],"collection":[{"href":"https:\/\/bosquedetlalpan.mx\/index.php\/wp-json\/wp\/v2\/posts"}],"about":[{"href":"https:\/\/bosquedetlalpan.mx\/index.php\/wp-json\/wp\/v2\/types\/post"}],"author":[{"embeddable":true,"href":"https:\/\/bosquedetlalpan.mx\/index.php\/wp-json\/wp\/v2\/users\/1"}],"replies":[{"embeddable":true,"href":"https:\/\/bosquedetlalpan.mx\/index.php\/wp-json\/wp\/v2\/comments?post=37606"}],"version-history":[{"count":0,"href":"https:\/\/bosquedetlalpan.mx\/index.php\/wp-json\/wp\/v2\/posts\/37606\/revisions"}],"wp:featuredmedia":[{"embeddable":true,"href":"https:\/\/bosquedetlalpan.mx\/index.php\/wp-json\/wp\/v2\/media\/37608"}],"wp:attachment":[{"href":"https:\/\/bosquedetlalpan.mx\/index.php\/wp-json\/wp\/v2\/media?parent=37606"}],"wp:term":[{"taxonomy":"category","embeddable":true,"href":"https:\/\/bosquedetlalpan.mx\/index.php\/wp-json\/wp\/v2\/categories?post=37606"},{"taxonomy":"post_tag","embeddable":true,"href":"https:\/\/bosquedetlalpan.mx\/index.php\/wp-json\/wp\/v2\/tags?post=37606"}],"curies":[{"name":"wp","href":"https:\/\/api.w.org\/{rel}","templated":true}]}}