{"id":37401,"date":"2025-12-05T10:52:32","date_gmt":"2025-12-05T15:52:32","guid":{"rendered":"https:\/\/elestataldemexico.com\/?p=37401"},"modified":"2025-12-05T10:52:32","modified_gmt":"2025-12-05T15:52:32","slug":"consolida-morelos-su-liderazgo-al-recibir-exitoso-encuentro-del-sts-forum-latam-2025","status":"publish","type":"post","link":"https:\/\/bosquedetlalpan.mx\/index.php\/2025\/12\/05\/consolida-morelos-su-liderazgo-al-recibir-exitoso-encuentro-del-sts-forum-latam-2025\/","title":{"rendered":"Consolida Morelos su liderazgo al recibir exitoso encuentro del STS Forum LATAM 2025"},"content":{"rendered":"<p>#MORELOS | La gobernadora Margarita Gonz\u00e1lez Saravia particip\u00f3 en la clausura del Foro Ciencia y Tecnolog\u00eda para la Sociedad\u201d (STS Forum, por sus siglas en ingl\u00e9s), que cerr\u00f3 con un balance altamente positivo tras una jornada de m\u00e1s de ocho horas de an\u00e1lisis, di\u00e1logo y construcci\u00f3n de propuestas en torno a los principales retos cient\u00edficos y tecnol\u00f3gicos del pa\u00eds y Latinoam\u00e9rica.<\/p>\n<p>Durante la sesi\u00f3n, las autoridades del STS Forum destacaron el nivel de participaci\u00f3n y el dinamismo mostrado por investigadoras, investigadores y j\u00f3venes talentos que formaron parte de los paneles y de la exhibici\u00f3n de innovaci\u00f3n; subrayaron que la energ\u00eda y el compromiso observados en este encuentro reafirman el potencial para construir una agenda cient\u00edfica y tecnol\u00f3gica s\u00f3lida y transformadora. Asimismo, reconocieron el acompa\u00f1amiento del Gobierno de Morelos para garantizar el \u00e9xito de esta edici\u00f3n.<\/p>\n<p>Cabe mencionar que en este marco el secretario de Econom\u00eda del Gobierno de M\u00e9xico, Marcelo Ebrard Casaubon destac\u00f3 la labor de madame Yuu Serizawa, quien es coautora del STS Forum, y se confirm\u00f3 que gracias al \u00e9xito alcanzado, \u201cLa tierra que nos une\u201d, volver\u00e1 a ser sede en 2026, lo que posiciona a la entidad como un punto clave para la innovaci\u00f3n y cooperaci\u00f3n internacional en materia de ciencia y tecnolog\u00eda.<\/p>\n<p>En este sentido, el Gobierno del Estado de Morelos reiter\u00f3 su compromiso para seguir impulsando espacios que acerquen el conocimiento, la tecnolog\u00eda e investigaci\u00f3n a las juventudes, al sector productivo y a la sociedad.<\/p>\n","protected":false},"excerpt":{"rendered":"<p>#MORELOS | La gobernadora Margarita Gonz\u00e1lez Saravia particip\u00f3 en la clausura del Foro Ciencia y Tecnolog\u00eda para la Sociedad\u201d (STS Forum, por sus siglas en ingl\u00e9s), que cerr\u00f3 con un balance altamente positivo tras una jornada de m\u00e1s de ocho horas de an\u00e1lisis, di\u00e1logo y construcci\u00f3n de propuestas en torno a los principales retos cient\u00edficos [&hellip;]<\/p>\n","protected":false},"author":1,"featured_media":37402,"comment_status":"open","ping_status":"closed","sticky":false,"template":"","format":"standard","meta":{"footnotes":""},"categories":[2,3],"tags":[],"class_list":["post-37401","post","type-post","status-publish","format-standard","has-post-thumbnail","hentry","category-morelos","category-nacional"],"_links":{"self":[{"href":"https:\/\/bosquedetlalpan.mx\/index.php\/wp-json\/wp\/v2\/posts\/37401","targetHints":{"allow":["GET"]}}],"collection":[{"href":"https:\/\/bosquedetlalpan.mx\/index.php\/wp-json\/wp\/v2\/posts"}],"about":[{"href":"https:\/\/bosquedetlalpan.mx\/index.php\/wp-json\/wp\/v2\/types\/post"}],"author":[{"embeddable":true,"href":"https:\/\/bosquedetlalpan.mx\/index.php\/wp-json\/wp\/v2\/users\/1"}],"replies":[{"embeddable":true,"href":"https:\/\/bosquedetlalpan.mx\/index.php\/wp-json\/wp\/v2\/comments?post=37401"}],"version-history":[{"count":0,"href":"https:\/\/bosquedetlalpan.mx\/index.php\/wp-json\/wp\/v2\/posts\/37401\/revisions"}],"wp:featuredmedia":[{"embeddable":true,"href":"https:\/\/bosquedetlalpan.mx\/index.php\/wp-json\/wp\/v2\/media\/37402"}],"wp:attachment":[{"href":"https:\/\/bosquedetlalpan.mx\/index.php\/wp-json\/wp\/v2\/media?parent=37401"}],"wp:term":[{"taxonomy":"category","embeddable":true,"href":"https:\/\/bosquedetlalpan.mx\/index.php\/wp-json\/wp\/v2\/categories?post=37401"},{"taxonomy":"post_tag","embeddable":true,"href":"https:\/\/bosquedetlalpan.mx\/index.php\/wp-json\/wp\/v2\/tags?post=37401"}],"curies":[{"name":"wp","href":"https:\/\/api.w.org\/{rel}","templated":true}]}}