{"id":37386,"date":"2025-12-04T11:24:15","date_gmt":"2025-12-04T16:24:15","guid":{"rendered":"https:\/\/elestataldemexico.com\/?p=37386"},"modified":"2025-12-04T11:24:15","modified_gmt":"2025-12-04T16:24:15","slug":"ricardo-monreal-defiende-reservas-a-ley-de-aguas-y-rechaza-mitos-surgidos-por-desinformacion","status":"publish","type":"post","link":"https:\/\/bosquedetlalpan.mx\/index.php\/2025\/12\/04\/ricardo-monreal-defiende-reservas-a-ley-de-aguas-y-rechaza-mitos-surgidos-por-desinformacion\/","title":{"rendered":"Ricardo Monreal defiende reservas a Ley de Aguas y rechaza \u201cmitos\u201d surgidos por desinformaci\u00f3n"},"content":{"rendered":"<p>\ud83d\udd38 El coordinador de Morena afirma que los cambios dan certeza jur\u00eddica a productores y comunidades.<\/p>\n<p>#CDMX | El diputado Ricardo Monreal \u00c1vila, presidente de la Junta de Coordinaci\u00f3n Pol\u00edtica, present\u00f3 18 reservas al dictamen de la Ley de Aguas y asegur\u00f3 que responden a las preocupaciones de ciudadanos de diversas regiones del pa\u00eds. Se\u00f1al\u00f3 que \u00e9l mismo recibi\u00f3 a 22 grupos de 22 estados, pero advirti\u00f3 que la discusi\u00f3n ha estado marcada por \u201cbastante desinformaci\u00f3n\u201d, incluso dentro del Congreso.<\/p>\n<p>Monreal explic\u00f3 que las reservas complementan las 50 modificaciones ya realizadas al proyecto de la presidenta Claudia Sheinbaum y buscan disipar temores infundados. Afirm\u00f3 que es falso que el Fondo de Reservas sirva para quitar agua a productores, que exista riesgo de perder tierra o derechos de uso, o que Conagua pueda impedir herencias.<\/p>\n<p>Tambi\u00e9n neg\u00f3 que la ley afecte actividades pecuarias, que haya efectos retroactivos o que se rompa el binomio agua\u2013tierra. Destac\u00f3, adem\u00e1s, la eliminaci\u00f3n de la \u201cnegativa ficta\u201d y la pr\u00f3xima regularizaci\u00f3n de m\u00e1s de 40 mil pozos de libre alumbramiento.<\/p>\n<p>Monreal asegur\u00f3 que la propuesta reconoce por primera vez los derechos hist\u00f3ricos de comunidades ind\u00edgenas y afromexicanas, y pidi\u00f3 respaldo para aprobar las reservas, al considerarlas \u201cclaras, precisas y en beneficio de la gente\u201d.<\/p>\n","protected":false},"excerpt":{"rendered":"<p>\ud83d\udd38 El coordinador de Morena afirma que los cambios dan certeza jur\u00eddica a productores y comunidades. #CDMX | El diputado Ricardo Monreal \u00c1vila, presidente de la Junta de Coordinaci\u00f3n Pol\u00edtica, present\u00f3 18 reservas al dictamen de la Ley de Aguas y asegur\u00f3 que responden a las preocupaciones de ciudadanos de diversas regiones del pa\u00eds. Se\u00f1al\u00f3 [&hellip;]<\/p>\n","protected":false},"author":1,"featured_media":37388,"comment_status":"open","ping_status":"closed","sticky":false,"template":"","format":"standard","meta":{"footnotes":""},"categories":[7,3],"tags":[],"class_list":["post-37386","post","type-post","status-publish","format-standard","has-post-thumbnail","hentry","category-cdmx","category-nacional"],"_links":{"self":[{"href":"https:\/\/bosquedetlalpan.mx\/index.php\/wp-json\/wp\/v2\/posts\/37386","targetHints":{"allow":["GET"]}}],"collection":[{"href":"https:\/\/bosquedetlalpan.mx\/index.php\/wp-json\/wp\/v2\/posts"}],"about":[{"href":"https:\/\/bosquedetlalpan.mx\/index.php\/wp-json\/wp\/v2\/types\/post"}],"author":[{"embeddable":true,"href":"https:\/\/bosquedetlalpan.mx\/index.php\/wp-json\/wp\/v2\/users\/1"}],"replies":[{"embeddable":true,"href":"https:\/\/bosquedetlalpan.mx\/index.php\/wp-json\/wp\/v2\/comments?post=37386"}],"version-history":[{"count":0,"href":"https:\/\/bosquedetlalpan.mx\/index.php\/wp-json\/wp\/v2\/posts\/37386\/revisions"}],"wp:featuredmedia":[{"embeddable":true,"href":"https:\/\/bosquedetlalpan.mx\/index.php\/wp-json\/wp\/v2\/media\/37388"}],"wp:attachment":[{"href":"https:\/\/bosquedetlalpan.mx\/index.php\/wp-json\/wp\/v2\/media?parent=37386"}],"wp:term":[{"taxonomy":"category","embeddable":true,"href":"https:\/\/bosquedetlalpan.mx\/index.php\/wp-json\/wp\/v2\/categories?post=37386"},{"taxonomy":"post_tag","embeddable":true,"href":"https:\/\/bosquedetlalpan.mx\/index.php\/wp-json\/wp\/v2\/tags?post=37386"}],"curies":[{"name":"wp","href":"https:\/\/api.w.org\/{rel}","templated":true}]}}