{"id":37359,"date":"2025-12-04T11:04:45","date_gmt":"2025-12-04T16:04:45","guid":{"rendered":"https:\/\/elestataldemexico.com\/?p=37359"},"modified":"2025-12-04T11:04:45","modified_gmt":"2025-12-04T16:04:45","slug":"toma-protesta-gobernadora-margarita-gonzalez-saravia-a-integrantes-de-la-comision-de-estudios-juridicos-del-poder-ejecutivo-estatal","status":"publish","type":"post","link":"https:\/\/bosquedetlalpan.mx\/index.php\/2025\/12\/04\/toma-protesta-gobernadora-margarita-gonzalez-saravia-a-integrantes-de-la-comision-de-estudios-juridicos-del-poder-ejecutivo-estatal\/","title":{"rendered":"Toma protesta gobernadora Margarita Gonz\u00e1lez Saravia a integrantes de la Comisi\u00f3n de Estudios Jur\u00eddicos del Poder Ejecutivo Estatal"},"content":{"rendered":"<p>\ud83d\udd38 Este \u00f3rgano garantizar\u00e1 que las decisiones gubernamentales se tomen con firmeza legal, visi\u00f3n institucional y pleno respeto al Estado de Derecho<\/p>\n<p>#MORELOS | La gobernadora Margarita Gonz\u00e1lez Saravia encabez\u00f3 la Sesi\u00f3n de Instalaci\u00f3n de la Comisi\u00f3n de Estudios Jur\u00eddicos del Poder Ejecutivo Estatal, donde tom\u00f3 protesta a sus integrantes y formaliz\u00f3 el inicio de sus funciones, como parte del fortalecimiento jur\u00eddico y t\u00e9cnico de la administraci\u00f3n p\u00fablica.<\/p>\n<p>En la reuni\u00f3n, realizada en el Sal\u00f3n Morelos del Palacio de Gobierno estatal, la mandataria, acompa\u00f1ada por el secretario de Gobierno, Edgar Maldonado, y el secretario de Administraci\u00f3n y Finanzas, Jorge Salazar Acosta, destac\u00f3 la relevancia de este nuevo \u00f3rgano.<\/p>\n<p>\u201cEsta iniciativa es muy importante. Nos va a ayudar a fortalecer mucho la solidez jur\u00eddica de la administraci\u00f3n p\u00fablica, nos va a dar gu\u00eda, nos va a dar orientaci\u00f3n y se va evitar cualquier discreci\u00f3n de criterios, tambi\u00e9n fortalecer las finanzas de nuestro estado\u201d.<\/p>\n<p>Por su parte, la consejera Jur\u00eddica, Dolores \u00c1lvarez D\u00edaz, se\u00f1al\u00f3 que esta acci\u00f3n formaliza un espacio de di\u00e1logo jur\u00eddico, an\u00e1lisis especializado y coordinaci\u00f3n interinstitucional; asimismo, indic\u00f3 que la Comisi\u00f3n tiene como prop\u00f3sito asegurar decisiones gubernamentales con firmeza legal, visi\u00f3n institucional y pleno respeto al Estado de Derecho.<\/p>\n<p>Adem\u00e1s, recalc\u00f3 \u201cLa administraci\u00f3n p\u00fablica moderna demanda respuestas claras, s\u00f3lidas y t\u00e9cnicamente fundadas, y para ello, no basta con emitir normas, se requiere construirlas con responsabilidad, prever sus impactos, armonizar competencias y asegurar que cada disposici\u00f3n contribuya efectivamente al bienestar de la ciudadan\u00eda\u201d.<\/p>\n<p>Cabe se\u00f1alar que, la Consejer\u00eda Jur\u00eddica mantendr\u00e1 la coordinaci\u00f3n, acompa\u00f1amiento t\u00e9cnico y conducci\u00f3n institucional de los trabajos, con el objetivo de consolidar a esta Comisi\u00f3n como un referente en la construcci\u00f3n normativa del Poder Ejecutivo.<\/p>\n","protected":false},"excerpt":{"rendered":"<p>\ud83d\udd38 Este \u00f3rgano garantizar\u00e1 que las decisiones gubernamentales se tomen con firmeza legal, visi\u00f3n institucional y pleno respeto al Estado de Derecho #MORELOS | La gobernadora Margarita Gonz\u00e1lez Saravia encabez\u00f3 la Sesi\u00f3n de Instalaci\u00f3n de la Comisi\u00f3n de Estudios Jur\u00eddicos del Poder Ejecutivo Estatal, donde tom\u00f3 protesta a sus integrantes y formaliz\u00f3 el inicio de [&hellip;]<\/p>\n","protected":false},"author":1,"featured_media":37360,"comment_status":"open","ping_status":"closed","sticky":false,"template":"","format":"standard","meta":{"footnotes":""},"categories":[2,3],"tags":[],"class_list":["post-37359","post","type-post","status-publish","format-standard","has-post-thumbnail","hentry","category-morelos","category-nacional"],"_links":{"self":[{"href":"https:\/\/bosquedetlalpan.mx\/index.php\/wp-json\/wp\/v2\/posts\/37359","targetHints":{"allow":["GET"]}}],"collection":[{"href":"https:\/\/bosquedetlalpan.mx\/index.php\/wp-json\/wp\/v2\/posts"}],"about":[{"href":"https:\/\/bosquedetlalpan.mx\/index.php\/wp-json\/wp\/v2\/types\/post"}],"author":[{"embeddable":true,"href":"https:\/\/bosquedetlalpan.mx\/index.php\/wp-json\/wp\/v2\/users\/1"}],"replies":[{"embeddable":true,"href":"https:\/\/bosquedetlalpan.mx\/index.php\/wp-json\/wp\/v2\/comments?post=37359"}],"version-history":[{"count":0,"href":"https:\/\/bosquedetlalpan.mx\/index.php\/wp-json\/wp\/v2\/posts\/37359\/revisions"}],"wp:featuredmedia":[{"embeddable":true,"href":"https:\/\/bosquedetlalpan.mx\/index.php\/wp-json\/wp\/v2\/media\/37360"}],"wp:attachment":[{"href":"https:\/\/bosquedetlalpan.mx\/index.php\/wp-json\/wp\/v2\/media?parent=37359"}],"wp:term":[{"taxonomy":"category","embeddable":true,"href":"https:\/\/bosquedetlalpan.mx\/index.php\/wp-json\/wp\/v2\/categories?post=37359"},{"taxonomy":"post_tag","embeddable":true,"href":"https:\/\/bosquedetlalpan.mx\/index.php\/wp-json\/wp\/v2\/tags?post=37359"}],"curies":[{"name":"wp","href":"https:\/\/api.w.org\/{rel}","templated":true}]}}